{"id":19516,"date":"2024-02-03T13:37:49","date_gmt":"2024-02-03T16:37:49","guid":{"rendered":"https:\/\/radiostudiow.com.br\/site\/?p=19516"},"modified":"2025-01-31T15:02:14","modified_gmt":"2025-01-31T18:02:14","slug":"policia-militar-de-mallet-faz-cumprimento-de-mandado-judicial-e-prende-individuo-na-vila-maria","status":"publish","type":"post","link":"https:\/\/radiostudiow.com.br\/site\/2024\/02\/03\/policia-militar-de-mallet-faz-cumprimento-de-mandado-judicial-e-prende-individuo-na-vila-maria\/","title":{"rendered":"Pol\u00edcia Militar de Mallet faz cumprimento de mandado judicial e prende indiv\u00edduo na Vila Maria"},"content":{"rendered":"\n<p class=\"has-text-align-center has-medium-font-size\"><strong><em>Indiv\u00edduo acusado de desferir golpes de fac\u00e3o \u00e9 capturado ap\u00f3s den\u00fancias an\u00f4nimas<\/em><\/strong><\/p>\n\n\n\n<figure class=\"wp-block-image size-full\"><img decoding=\"async\" src=\"https:\/\/radiostudiow.com.br\/site\/wp-content\/uploads\/2023\/10\/SITE-GRANDE5.png\" alt=\"\" class=\"wp-image-16372\"\/><\/figure>\n\n\n\n<p>A Pol\u00edcia Militar de Mallet realizou um cumprimento de mandado judicial na Vila Maria, resultando na pris\u00e3o de um indiv\u00edduo foragido da justi\u00e7a, que estava envolvido em uma ocorr\u00eancia de agress\u00e3o grave com um fac\u00e3o. A a\u00e7\u00e3o ocorreu na tarde de ontem, por volta das 16h, ap\u00f3s a equipe receber den\u00fancias an\u00f4nimas sobre a presen\u00e7a do suspeito em um bar da regi\u00e3o.<\/p>\n\n\n\n<p>Segundo o boletim de ocorr\u00eancia, as informa\u00e7\u00f5es indicavam que o indiv\u00edduo em quest\u00e3o estava morando no local e seria o autor de outra ocorr\u00eancia em que desferiu golpes de fac\u00e3o que resultaram em les\u00f5es corporais graves em um terceiro. As den\u00fancias an\u00f4nimas foram fundamentais para desencadear a a\u00e7\u00e3o da Pol\u00edcia Militar, que prontamente se dirigiu ao endere\u00e7o indicado.<\/p>\n\n\n\n<p>Ao chegarem ao local, os policiais visualizaram o suspeito e procederam com a abordagem. Ap\u00f3s a confirma\u00e7\u00e3o de sua identidade e constata\u00e7\u00e3o de que se tratava de um foragido da justi\u00e7a, foi dada voz de pris\u00e3o ao indiv\u00edduo. O acusado foi conduzido at\u00e9 o DEPEN de Uni\u00e3o da Vit\u00f3ria para as medidas legais cab\u00edveis.<\/p>\n\n\n\n<figure class=\"wp-block-gallery has-nested-images columns-default wp-block-gallery-1 is-layout-flex wp-block-gallery-is-layout-flex\">\n<figure class=\"wp-block-image size-full\"><img decoding=\"async\" data-id=\"19268\" src=\"https:\/\/radiostudiow.com.br\/site\/wp-content\/uploads\/2024\/01\/SITE-PEQUENO-1.png\" alt=\"\" class=\"wp-image-19268\"\/><\/figure>\n\n\n\n<figure class=\"wp-block-image size-full\"><img loading=\"lazy\" decoding=\"async\" width=\"300\" height=\"180\" data-id=\"18945\" src=\"https:\/\/radiostudiow.com.br\/site\/wp-content\/uploads\/2024\/01\/SITE-PEQUENO.png\" alt=\"\" class=\"wp-image-18945\"\/><\/figure>\n\n\n\n<figure class=\"wp-block-image size-full\"><img decoding=\"async\" data-id=\"18924\" src=\"https:\/\/radiostudiow.com.br\/site\/wp-content\/uploads\/2024\/01\/SITE-PEQUENO3.png\" alt=\"\" class=\"wp-image-18924\"\/><\/figure>\n<\/figure>\n","protected":false},"excerpt":{"rendered":"<p>Indiv\u00edduo acusado de desferir golpes de fac\u00e3o \u00e9 capturado ap\u00f3s den\u00fancias an\u00f4nimas A Pol\u00edcia Militar de Mallet realizou um cumprimento de mandado judicial na Vila Maria, resultando na pris\u00e3o de um indiv\u00edduo foragido da justi\u00e7a, que estava envolvido em uma ocorr\u00eancia de agress\u00e3o grave com um fac\u00e3o. A a\u00e7\u00e3o ocorreu na tarde de ontem, por [&hellip;]<\/p>\n","protected":false},"author":2,"featured_media":10671,"comment_status":"open","ping_status":"open","sticky":false,"template":"","format":"standard","meta":{"footnotes":""},"categories":[184,2],"tags":[172],"class_list":["post-19516","post","type-post","status-publish","format-standard","has-post-thumbnail","hentry","category-local","category-policial","tag-featured"],"amp_enabled":true,"_links":{"self":[{"href":"https:\/\/radiostudiow.com.br\/site\/wp-json\/wp\/v2\/posts\/19516","targetHints":{"allow":["GET"]}}],"collection":[{"href":"https:\/\/radiostudiow.com.br\/site\/wp-json\/wp\/v2\/posts"}],"about":[{"href":"https:\/\/radiostudiow.com.br\/site\/wp-json\/wp\/v2\/types\/post"}],"author":[{"embeddable":true,"href":"https:\/\/radiostudiow.com.br\/site\/wp-json\/wp\/v2\/users\/2"}],"replies":[{"embeddable":true,"href":"https:\/\/radiostudiow.com.br\/site\/wp-json\/wp\/v2\/comments?post=19516"}],"version-history":[{"count":1,"href":"https:\/\/radiostudiow.com.br\/site\/wp-json\/wp\/v2\/posts\/19516\/revisions"}],"predecessor-version":[{"id":19517,"href":"https:\/\/radiostudiow.com.br\/site\/wp-json\/wp\/v2\/posts\/19516\/revisions\/19517"}],"wp:featuredmedia":[{"embeddable":true,"href":"https:\/\/radiostudiow.com.br\/site\/wp-json\/wp\/v2\/media\/10671"}],"wp:attachment":[{"href":"https:\/\/radiostudiow.com.br\/site\/wp-json\/wp\/v2\/media?parent=19516"}],"wp:term":[{"taxonomy":"category","embeddable":true,"href":"https:\/\/radiostudiow.com.br\/site\/wp-json\/wp\/v2\/categories?post=19516"},{"taxonomy":"post_tag","embeddable":true,"href":"https:\/\/radiostudiow.com.br\/site\/wp-json\/wp\/v2\/tags?post=19516"}],"curies":[{"name":"wp","href":"https:\/\/api.w.org\/{rel}","templated":true}]}}