{"id":19526,"date":"2024-02-05T11:46:54","date_gmt":"2024-02-05T14:46:54","guid":{"rendered":"https:\/\/radiostudiow.com.br\/site\/?p=19526"},"modified":"2025-01-31T15:02:14","modified_gmt":"2025-01-31T18:02:14","slug":"acidente-grave-na-br-476-deixa-uma-vitima-fatal-e-cinco-feridos","status":"publish","type":"post","link":"https:\/\/radiostudiow.com.br\/site\/2024\/02\/05\/acidente-grave-na-br-476-deixa-uma-vitima-fatal-e-cinco-feridos\/","title":{"rendered":"Acidente grave na BR-476 deixa uma v\u00edtima fatal e cinco feridos"},"content":{"rendered":"\n<figure class=\"wp-block-image size-full\"><img decoding=\"async\" src=\"https:\/\/radiostudiow.com.br\/site\/wp-content\/uploads\/2024\/01\/SITE-GRANDE2.png\" alt=\"\" class=\"wp-image-18938\"\/><\/figure>\n\n\n\n<p>Por volta das 18h05 deste domingo, mais um acidente chocou a regi\u00e3o nas proximidades do Latic\u00ednio Di Paula, na BR-476. As imagens do incidente n\u00e3o permitem afirmar com certeza as marcas e placas dos ve\u00edculos envolvidos, mas indicam que se tratam de ve\u00edculos utilit\u00e1rios.<\/p>\n\n\n\n<p>Com o impacto da colis\u00e3o, ambos os ve\u00edculos sa\u00edram da pista, resultando em uma opera\u00e7\u00e3o de resgate do Corpo de Bombeiros de Uni\u00e3o da Vit\u00f3ria. Tr\u00eas v\u00edtimas foram conduzidas ao hospital, incluindo uma crian\u00e7a de aproximadamente 10 anos. Infelizmente, uma das v\u00edtimas n\u00e3o resistiu aos ferimentos e veio a \u00f3bito. At\u00e9 o momento, n\u00e3o foram fornecidas mais informa\u00e7\u00f5es sobre essa fatalidade.<\/p>\n\n\n\n<p>A Pol\u00edcia Rodovi\u00e1ria Federal foi acionada imediatamente para registrar o boletim de ocorr\u00eancia e investigar as circunst\u00e2ncias do acidente.<\/p>\n\n\n\n<figure class=\"wp-block-image size-full\"><img loading=\"lazy\" decoding=\"async\" width=\"519\" height=\"259\" src=\"https:\/\/radiostudiow.com.br\/site\/wp-content\/uploads\/2024\/02\/image-15.png\" alt=\"\" class=\"wp-image-19527\" srcset=\"https:\/\/radiostudiow.com.br\/site\/wp-content\/uploads\/2024\/02\/image-15.png 519w, https:\/\/radiostudiow.com.br\/site\/wp-content\/uploads\/2024\/02\/image-15-300x150.png 300w\" sizes=\"auto, (max-width: 519px) 100vw, 519px\" \/><\/figure>\n\n\n\n<figure class=\"wp-block-image size-full\"><img loading=\"lazy\" decoding=\"async\" width=\"503\" height=\"258\" src=\"https:\/\/radiostudiow.com.br\/site\/wp-content\/uploads\/2024\/02\/image-16.png\" alt=\"\" class=\"wp-image-19528\" srcset=\"https:\/\/radiostudiow.com.br\/site\/wp-content\/uploads\/2024\/02\/image-16.png 503w, https:\/\/radiostudiow.com.br\/site\/wp-content\/uploads\/2024\/02\/image-16-300x154.png 300w\" sizes=\"auto, (max-width: 503px) 100vw, 503px\" \/><\/figure>\n\n\n\n<figure class=\"wp-block-image size-full\"><img loading=\"lazy\" decoding=\"async\" width=\"598\" height=\"204\" src=\"https:\/\/radiostudiow.com.br\/site\/wp-content\/uploads\/2024\/01\/SITE-MEDIO.png\" alt=\"\" class=\"wp-image-18916\" srcset=\"https:\/\/radiostudiow.com.br\/site\/wp-content\/uploads\/2024\/01\/SITE-MEDIO.png 598w, https:\/\/radiostudiow.com.br\/site\/wp-content\/uploads\/2024\/01\/SITE-MEDIO-300x102.png 300w\" sizes=\"auto, (max-width: 598px) 100vw, 598px\" \/><\/figure>\n\n\n\n<p><a href=\"https:\/\/www.vvale.com.br\/transito\/acidente-grave-na-br-476-deixa-uma-vitima-fatal-e-cinco-feridos\/\" data-type=\"link\" data-id=\"https:\/\/www.vvale.com.br\/transito\/acidente-grave-na-br-476-deixa-uma-vitima-fatal-e-cinco-feridos\/\">Fonte: VVale<\/a><\/p>\n","protected":false},"excerpt":{"rendered":"<p>Por volta das 18h05 deste domingo, mais um acidente chocou a regi\u00e3o nas proximidades do Latic\u00ednio Di Paula, na BR-476. As imagens do incidente n\u00e3o permitem afirmar com certeza as marcas e placas dos ve\u00edculos envolvidos, mas indicam que se tratam de ve\u00edculos utilit\u00e1rios. Com o impacto da colis\u00e3o, ambos os ve\u00edculos sa\u00edram da pista, [&hellip;]<\/p>\n","protected":false},"author":2,"featured_media":19528,"comment_status":"open","ping_status":"open","sticky":false,"template":"","format":"standard","meta":{"footnotes":""},"categories":[185],"tags":[172],"class_list":["post-19526","post","type-post","status-publish","format-standard","has-post-thumbnail","hentry","category-regional","tag-featured"],"amp_enabled":true,"_links":{"self":[{"href":"https:\/\/radiostudiow.com.br\/site\/wp-json\/wp\/v2\/posts\/19526","targetHints":{"allow":["GET"]}}],"collection":[{"href":"https:\/\/radiostudiow.com.br\/site\/wp-json\/wp\/v2\/posts"}],"about":[{"href":"https:\/\/radiostudiow.com.br\/site\/wp-json\/wp\/v2\/types\/post"}],"author":[{"embeddable":true,"href":"https:\/\/radiostudiow.com.br\/site\/wp-json\/wp\/v2\/users\/2"}],"replies":[{"embeddable":true,"href":"https:\/\/radiostudiow.com.br\/site\/wp-json\/wp\/v2\/comments?post=19526"}],"version-history":[{"count":2,"href":"https:\/\/radiostudiow.com.br\/site\/wp-json\/wp\/v2\/posts\/19526\/revisions"}],"predecessor-version":[{"id":19530,"href":"https:\/\/radiostudiow.com.br\/site\/wp-json\/wp\/v2\/posts\/19526\/revisions\/19530"}],"wp:featuredmedia":[{"embeddable":true,"href":"https:\/\/radiostudiow.com.br\/site\/wp-json\/wp\/v2\/media\/19528"}],"wp:attachment":[{"href":"https:\/\/radiostudiow.com.br\/site\/wp-json\/wp\/v2\/media?parent=19526"}],"wp:term":[{"taxonomy":"category","embeddable":true,"href":"https:\/\/radiostudiow.com.br\/site\/wp-json\/wp\/v2\/categories?post=19526"},{"taxonomy":"post_tag","embeddable":true,"href":"https:\/\/radiostudiow.com.br\/site\/wp-json\/wp\/v2\/tags?post=19526"}],"curies":[{"name":"wp","href":"https:\/\/api.w.org\/{rel}","templated":true}]}}