{"id":19538,"date":"2024-02-05T16:04:06","date_gmt":"2024-02-05T19:04:06","guid":{"rendered":"https:\/\/radiostudiow.com.br\/site\/?p=19538"},"modified":"2025-01-31T15:02:14","modified_gmt":"2025-01-31T18:02:14","slug":"apos-denuncia-rotam-prende-foragido-e-encontra-drogas-em-sao-mateus-do-sul","status":"publish","type":"post","link":"https:\/\/radiostudiow.com.br\/site\/2024\/02\/05\/apos-denuncia-rotam-prende-foragido-e-encontra-drogas-em-sao-mateus-do-sul\/","title":{"rendered":"Ap\u00f3s den\u00fancia, Rotam prende foragido e encontra drogas em S\u00e3o Mateus do Sul"},"content":{"rendered":"\n<figure class=\"wp-block-image size-full\"><img decoding=\"async\" src=\"https:\/\/radiostudiow.com.br\/site\/wp-content\/uploads\/2024\/01\/SITE-GRANDE4.png\" alt=\"\" class=\"wp-image-18920\"\/><\/figure>\n\n\n\n<p>Na noite de domingo (4), a equipe Rotam recebeu uma den\u00fancia de que um homem foragido estaria escondido em uma resid\u00eancia na Rua Odemira Cunha, na Vila Amaral.<\/p>\n\n\n\n<p>Os policiais deslocaram at\u00e9 o endere\u00e7o e ao se aproximar do local perceberam um masculino na \u00e1rea externa da resid\u00eancia. Ao notar a presen\u00e7a policial, o homem correu em dire\u00e7\u00e3o aos fundos da casa.<\/p>\n\n\n\n<p>De acordo com a resenha policial repassada para a imprensa, foi visualizado algu\u00e9m arremessando algo pela janela lateral da casa em dire\u00e7\u00e3o ao terreno vizinho. Localizou-se uma mochila, contendo no seu interior oito tabletes com maconha, um tablete de crack e um inv\u00f3lucro contendo coca\u00edna. Diante da situa\u00e7\u00e3o o masculino e os objetos foram encaminhados e entregues at\u00e9 a delegacia.<\/p>\n\n\n\n<figure class=\"wp-block-image size-full\"><img loading=\"lazy\" decoding=\"async\" width=\"598\" height=\"204\" src=\"https:\/\/radiostudiow.com.br\/site\/wp-content\/uploads\/2023\/12\/SITE-MEDIO4.png\" alt=\"\" class=\"wp-image-17598\" srcset=\"https:\/\/radiostudiow.com.br\/site\/wp-content\/uploads\/2023\/12\/SITE-MEDIO4.png 598w, https:\/\/radiostudiow.com.br\/site\/wp-content\/uploads\/2023\/12\/SITE-MEDIO4-300x102.png 300w\" sizes=\"auto, (max-width: 598px) 100vw, 598px\" \/><\/figure>\n\n\n\n<p><a href=\"https:\/\/portalrdx.com.br\/05\/02\/2024\/apos-denuncia-rotam-encontra-foragido-com-drogas-na-vila-amaral\/\" data-type=\"link\" data-id=\"https:\/\/portalrdx.com.br\/05\/02\/2024\/apos-denuncia-rotam-encontra-foragido-com-drogas-na-vila-amaral\/\" target=\"_blank\" rel=\"noreferrer noopener\">Fonte: Portal RDX<\/a><\/p>\n","protected":false},"excerpt":{"rendered":"<p>Na noite de domingo (4), a equipe Rotam recebeu uma den\u00fancia de que um homem foragido estaria escondido em uma resid\u00eancia na Rua Odemira Cunha, na Vila Amaral. Os policiais deslocaram at\u00e9 o endere\u00e7o e ao se aproximar do local perceberam um masculino na \u00e1rea externa da resid\u00eancia. Ao notar a presen\u00e7a policial, o homem [&hellip;]<\/p>\n","protected":false},"author":2,"featured_media":19539,"comment_status":"open","ping_status":"open","sticky":false,"template":"","format":"standard","meta":{"footnotes":""},"categories":[2,185],"tags":[172],"class_list":["post-19538","post","type-post","status-publish","format-standard","has-post-thumbnail","hentry","category-policial","category-regional","tag-featured"],"amp_enabled":true,"_links":{"self":[{"href":"https:\/\/radiostudiow.com.br\/site\/wp-json\/wp\/v2\/posts\/19538","targetHints":{"allow":["GET"]}}],"collection":[{"href":"https:\/\/radiostudiow.com.br\/site\/wp-json\/wp\/v2\/posts"}],"about":[{"href":"https:\/\/radiostudiow.com.br\/site\/wp-json\/wp\/v2\/types\/post"}],"author":[{"embeddable":true,"href":"https:\/\/radiostudiow.com.br\/site\/wp-json\/wp\/v2\/users\/2"}],"replies":[{"embeddable":true,"href":"https:\/\/radiostudiow.com.br\/site\/wp-json\/wp\/v2\/comments?post=19538"}],"version-history":[{"count":1,"href":"https:\/\/radiostudiow.com.br\/site\/wp-json\/wp\/v2\/posts\/19538\/revisions"}],"predecessor-version":[{"id":19540,"href":"https:\/\/radiostudiow.com.br\/site\/wp-json\/wp\/v2\/posts\/19538\/revisions\/19540"}],"wp:featuredmedia":[{"embeddable":true,"href":"https:\/\/radiostudiow.com.br\/site\/wp-json\/wp\/v2\/media\/19539"}],"wp:attachment":[{"href":"https:\/\/radiostudiow.com.br\/site\/wp-json\/wp\/v2\/media?parent=19538"}],"wp:term":[{"taxonomy":"category","embeddable":true,"href":"https:\/\/radiostudiow.com.br\/site\/wp-json\/wp\/v2\/categories?post=19538"},{"taxonomy":"post_tag","embeddable":true,"href":"https:\/\/radiostudiow.com.br\/site\/wp-json\/wp\/v2\/tags?post=19538"}],"curies":[{"name":"wp","href":"https:\/\/api.w.org\/{rel}","templated":true}]}}