{"id":19541,"date":"2024-02-05T16:26:50","date_gmt":"2024-02-05T19:26:50","guid":{"rendered":"https:\/\/radiostudiow.com.br\/site\/?p=19541"},"modified":"2025-01-31T15:02:14","modified_gmt":"2025-01-31T18:02:14","slug":"em-fiscalizacao-prf-apreende-maconha-veiculos-e-prende-traficante-na-br-277","status":"publish","type":"post","link":"https:\/\/radiostudiow.com.br\/site\/2024\/02\/05\/em-fiscalizacao-prf-apreende-maconha-veiculos-e-prende-traficante-na-br-277\/","title":{"rendered":"Em fiscaliza\u00e7\u00e3o, PRF apreende maconha, ve\u00edculos e prende traficante na BR-277"},"content":{"rendered":"\n<p class=\"has-text-align-center\"><strong><em>Nas \u00faltimas horas, a Pol\u00edcia Rodovi\u00e1ria Federal, em duas a\u00e7\u00f5es distintas de fiscaliza\u00e7\u00e3o desenvolvidas na BR 277, em Guarapuava, apreendeu mais de meia tonelada de maconha, dois ve\u00edculos, um deles com alerta de roubo\/furto, e um traficante.<\/em><\/strong><\/p>\n\n\n\n<figure class=\"wp-block-image size-full\"><img loading=\"lazy\" decoding=\"async\" width=\"1024\" height=\"768\" src=\"https:\/\/radiostudiow.com.br\/site\/wp-content\/uploads\/2024\/02\/image-19.png\" alt=\"\" class=\"wp-image-19542\" srcset=\"https:\/\/radiostudiow.com.br\/site\/wp-content\/uploads\/2024\/02\/image-19.png 1024w, https:\/\/radiostudiow.com.br\/site\/wp-content\/uploads\/2024\/02\/image-19-300x225.png 300w, https:\/\/radiostudiow.com.br\/site\/wp-content\/uploads\/2024\/02\/image-19-768x576.png 768w\" sizes=\"auto, (max-width: 1024px) 100vw, 1024px\" \/><\/figure>\n\n\n\n<figure class=\"wp-block-image size-full\"><img decoding=\"async\" src=\"https:\/\/radiostudiow.com.br\/site\/wp-content\/uploads\/2023\/10\/SITE-GRANDE5.png\" alt=\"\" class=\"wp-image-16372\"\/><\/figure>\n\n\n\n<p>Na noite de ontem (04), por volta das 22h05, no km 319 da BR 277, munic\u00edpio de Guarapuava-PR, Policiais Rodovi\u00e1rios Federais, em fiscaliza\u00e7\u00e3o de combate ao crime, deram ordem de parada ao condutor de um VW\/POLO, branco, com placas de Belo Horizonte\/MG, o qual desobedeceu \u00e0s ordens claras emanadas pelos agentes.<\/p>\n\n\n\n<p>Assim, deu-se o acompanhamento t\u00e1tico por cerca de 12 km, quando o condutor deliberadamente jogou o ve\u00edculo para fora da pista, fugindo em dire\u00e7\u00e3o a densa mata adjacente.<\/p>\n\n\n\n<p>Durante a verifica\u00e7\u00e3o veicular, foram avistados numerosos volumes que exalavam odor caracter\u00edstico de maconha no formato de paralelep\u00edpedo, os quais, em pesagem, totalizaram cerca de 204 kg. Foram feitas dilig\u00eancias no local, por\u00e9m o condutor n\u00e3o foi localizado.<\/p>\n\n\n\n<p>Ainda, em verifica\u00e7\u00e3o aos elementos identificadores, constatou-se que o ve\u00edculo se tratava de um \u201cclone\u2019. O original possui registro de roubo\/furto.<\/p>\n\n\n\n<p>Diante das circunst\u00e2ncias, o ve\u00edculo e a carga, foi encaminhado \u00e0 Pol\u00edcia Civil de Guarapuava, em decorr\u00eancia dos delitos de tr\u00e1fico de drogas (ART. 33 da lei 11.343\/2006), de desobedi\u00eancia, de dirigir ve\u00edculo pondo em perigo a seguran\u00e7a alheia e de adultera\u00e7\u00e3o de sinal identificador de ve\u00edculo automotor.<\/p>\n\n\n\n<figure class=\"wp-block-image size-full\"><img decoding=\"async\" src=\"https:\/\/radiostudiow.com.br\/site\/wp-content\/uploads\/2024\/01\/SITE-GRANDE.png\" alt=\"\" class=\"wp-image-18949\"\/><\/figure>\n\n\n\n<p>OUTRA APRRENS\u00c3O<\/p>\n\n\n\n<p>Na manh\u00e3 desta segunda-feira (05), por volta das 04h45, no km 311 da BR 277, em Guarapuava-PR, policiais rodovi\u00e1rios federais, em fiscaliza\u00e7\u00e3o de tr\u00e2nsito, deram ordem de parada ao motorista de um FIAT\/Palio, verde, com placas Cacoal\/ RO, o qual estava uma Luz de freio queimada.<\/p>\n\n\n\n<p>Durante a verifica\u00e7\u00e3o veicular, foram avistados numerosos volumes que exalavam odor caracter\u00edstico da subst\u00e2ncia maconha no formato de tabletes, os quais, em pesagem, totalizaram cerca de 338,75 kg.<\/p>\n\n\n\n<p>Em decorr\u00eancia do delito de tr\u00e1fico de drogas (ART. 33 da lei 11.343\/2006), o motorista, de 36 anos, recebeu voz de pris\u00e3o e junto com a carga e o ve\u00edculo, foi encaminhado \u00e0 Pol\u00edcia Civil de Guarapuava.<\/p>\n\n\n\n<figure class=\"wp-block-image size-full\"><img loading=\"lazy\" decoding=\"async\" width=\"897\" height=\"204\" src=\"https:\/\/radiostudiow.com.br\/site\/wp-content\/uploads\/2024\/01\/SITE-GRANDE3.png\" alt=\"zaions\" class=\"wp-image-18936\" srcset=\"https:\/\/radiostudiow.com.br\/site\/wp-content\/uploads\/2024\/01\/SITE-GRANDE3.png 897w, https:\/\/radiostudiow.com.br\/site\/wp-content\/uploads\/2024\/01\/SITE-GRANDE3-300x68.png 300w, https:\/\/radiostudiow.com.br\/site\/wp-content\/uploads\/2024\/01\/SITE-GRANDE3-768x175.png 768w\" sizes=\"auto, (max-width: 897px) 100vw, 897px\" \/><\/figure>\n\n\n\n<p style=\"font-size:20px\"><em><a href=\"https:\/\/portalclique.com.br\/noticias\/em-fiscalizacao-prf-apreende-maconha-veiculos-e-prende-traficante-na-br-277\/\" data-type=\"link\" data-id=\"https:\/\/portalclique.com.br\/noticias\/em-fiscalizacao-prf-apreende-maconha-veiculos-e-prende-traficante-na-br-277\/\" target=\"_blank\" rel=\"noreferrer noopener\">Fonte: Portal Clique<\/a><\/em><\/p>\n","protected":false},"excerpt":{"rendered":"<p>Nas \u00faltimas horas, a Pol\u00edcia Rodovi\u00e1ria Federal, em duas a\u00e7\u00f5es distintas de fiscaliza\u00e7\u00e3o desenvolvidas na BR 277, em Guarapuava, apreendeu mais de meia tonelada de maconha, dois ve\u00edculos, um deles com alerta de roubo\/furto, e um traficante. Na noite de ontem (04), por volta das 22h05, no km 319 da BR 277, munic\u00edpio de Guarapuava-PR, [&hellip;]<\/p>\n","protected":false},"author":2,"featured_media":19542,"comment_status":"open","ping_status":"open","sticky":false,"template":"","format":"standard","meta":{"footnotes":""},"categories":[2,185],"tags":[172],"class_list":["post-19541","post","type-post","status-publish","format-standard","has-post-thumbnail","hentry","category-policial","category-regional","tag-featured"],"amp_enabled":true,"_links":{"self":[{"href":"https:\/\/radiostudiow.com.br\/site\/wp-json\/wp\/v2\/posts\/19541","targetHints":{"allow":["GET"]}}],"collection":[{"href":"https:\/\/radiostudiow.com.br\/site\/wp-json\/wp\/v2\/posts"}],"about":[{"href":"https:\/\/radiostudiow.com.br\/site\/wp-json\/wp\/v2\/types\/post"}],"author":[{"embeddable":true,"href":"https:\/\/radiostudiow.com.br\/site\/wp-json\/wp\/v2\/users\/2"}],"replies":[{"embeddable":true,"href":"https:\/\/radiostudiow.com.br\/site\/wp-json\/wp\/v2\/comments?post=19541"}],"version-history":[{"count":2,"href":"https:\/\/radiostudiow.com.br\/site\/wp-json\/wp\/v2\/posts\/19541\/revisions"}],"predecessor-version":[{"id":19544,"href":"https:\/\/radiostudiow.com.br\/site\/wp-json\/wp\/v2\/posts\/19541\/revisions\/19544"}],"wp:featuredmedia":[{"embeddable":true,"href":"https:\/\/radiostudiow.com.br\/site\/wp-json\/wp\/v2\/media\/19542"}],"wp:attachment":[{"href":"https:\/\/radiostudiow.com.br\/site\/wp-json\/wp\/v2\/media?parent=19541"}],"wp:term":[{"taxonomy":"category","embeddable":true,"href":"https:\/\/radiostudiow.com.br\/site\/wp-json\/wp\/v2\/categories?post=19541"},{"taxonomy":"post_tag","embeddable":true,"href":"https:\/\/radiostudiow.com.br\/site\/wp-json\/wp\/v2\/tags?post=19541"}],"curies":[{"name":"wp","href":"https:\/\/api.w.org\/{rel}","templated":true}]}}