{"id":19545,"date":"2024-02-05T16:47:45","date_gmt":"2024-02-05T19:47:45","guid":{"rendered":"https:\/\/radiostudiow.com.br\/site\/?p=19545"},"modified":"2025-01-31T15:02:14","modified_gmt":"2025-01-31T18:02:14","slug":"mulher-e-ferida-no-pulso-por-arma-branca-em-general-carneiro","status":"publish","type":"post","link":"https:\/\/radiostudiow.com.br\/site\/2024\/02\/05\/mulher-e-ferida-no-pulso-por-arma-branca-em-general-carneiro\/","title":{"rendered":"Mulher \u00e9 ferida no pulso por arma branca em General Carneiro"},"content":{"rendered":"\n<figure class=\"wp-block-image size-full\"><img decoding=\"async\" src=\"https:\/\/radiostudiow.com.br\/site\/wp-content\/uploads\/2024\/01\/SITE-GRANDE2.png\" alt=\"\" class=\"wp-image-18938\"\/><\/figure>\n\n\n\n<p>Neste \u00faltimo domingo (04), a equipe policial de General Carneiro foi acionada pelo Pronto Atendimento do munic\u00edpio, informando que uma paciente havia dado entrada na unidade v\u00edtima de ferimento por arma branca. A v\u00edtima, uma mulher n\u00e3o identificada, havia sofrido um corte profundo no pulso.<\/p>\n\n\n\n<p>Ao chegar no pronto atendimento, a equipe policial conversou com a enfermeira de plant\u00e3o, que relatou os eventos. Segundo o depoimento da enfermeira, o paciente estava sob efeito de anestesia, tornando imposs\u00edvel colher informa\u00e7\u00f5es diretamente com ele. No entanto, o convivente da v\u00edtima acabou fornecendo informa\u00e7\u00f5es sobre o incidente.<\/p>\n\n\n\n<p>De acordo com o relato do convivente, o casal estava consumindo bebidas alco\u00f3licas junto a um terceiro indiv\u00edduo n\u00e3o identificado. Em determinado momento, o terceiro participante deixou a resid\u00eancia para buscar mais bebidas, momento em que a v\u00edtima come\u00e7ou a gritar. Ao verificar a situa\u00e7\u00e3o, a esposa estava com o bra\u00e7o sangrando, enquanto o terceiro participante fugiu do local com destino desconhecido.<\/p>\n\n\n\n<p>A v\u00edtima foi prontamente socorrida pelo SAMU e encaminhada para o Pronto Atendimento de General Carneiro. Apesar dos esfor\u00e7os da equipe policial em realizar patrulhamento nas proximidades, o suspeito n\u00e3o foi localizado.<\/p>\n\n\n\n<figure class=\"wp-block-image size-full\"><img loading=\"lazy\" decoding=\"async\" width=\"598\" height=\"204\" src=\"https:\/\/radiostudiow.com.br\/site\/wp-content\/uploads\/2024\/01\/SITE-MEDIO.png\" alt=\"\" class=\"wp-image-18916\" srcset=\"https:\/\/radiostudiow.com.br\/site\/wp-content\/uploads\/2024\/01\/SITE-MEDIO.png 598w, https:\/\/radiostudiow.com.br\/site\/wp-content\/uploads\/2024\/01\/SITE-MEDIO-300x102.png 300w\" sizes=\"auto, (max-width: 598px) 100vw, 598px\" \/><\/figure>\n","protected":false},"excerpt":{"rendered":"<p>Neste \u00faltimo domingo (04), a equipe policial de General Carneiro foi acionada pelo Pronto Atendimento do munic\u00edpio, informando que uma paciente havia dado entrada na unidade v\u00edtima de ferimento por arma branca. A v\u00edtima, uma mulher n\u00e3o identificada, havia sofrido um corte profundo no pulso. Ao chegar no pronto atendimento, a equipe policial conversou com [&hellip;]<\/p>\n","protected":false},"author":2,"featured_media":18707,"comment_status":"open","ping_status":"open","sticky":false,"template":"","format":"standard","meta":{"footnotes":""},"categories":[2,185],"tags":[172],"class_list":["post-19545","post","type-post","status-publish","format-standard","has-post-thumbnail","hentry","category-policial","category-regional","tag-featured"],"amp_enabled":true,"_links":{"self":[{"href":"https:\/\/radiostudiow.com.br\/site\/wp-json\/wp\/v2\/posts\/19545","targetHints":{"allow":["GET"]}}],"collection":[{"href":"https:\/\/radiostudiow.com.br\/site\/wp-json\/wp\/v2\/posts"}],"about":[{"href":"https:\/\/radiostudiow.com.br\/site\/wp-json\/wp\/v2\/types\/post"}],"author":[{"embeddable":true,"href":"https:\/\/radiostudiow.com.br\/site\/wp-json\/wp\/v2\/users\/2"}],"replies":[{"embeddable":true,"href":"https:\/\/radiostudiow.com.br\/site\/wp-json\/wp\/v2\/comments?post=19545"}],"version-history":[{"count":1,"href":"https:\/\/radiostudiow.com.br\/site\/wp-json\/wp\/v2\/posts\/19545\/revisions"}],"predecessor-version":[{"id":19546,"href":"https:\/\/radiostudiow.com.br\/site\/wp-json\/wp\/v2\/posts\/19545\/revisions\/19546"}],"wp:featuredmedia":[{"embeddable":true,"href":"https:\/\/radiostudiow.com.br\/site\/wp-json\/wp\/v2\/media\/18707"}],"wp:attachment":[{"href":"https:\/\/radiostudiow.com.br\/site\/wp-json\/wp\/v2\/media?parent=19545"}],"wp:term":[{"taxonomy":"category","embeddable":true,"href":"https:\/\/radiostudiow.com.br\/site\/wp-json\/wp\/v2\/categories?post=19545"},{"taxonomy":"post_tag","embeddable":true,"href":"https:\/\/radiostudiow.com.br\/site\/wp-json\/wp\/v2\/tags?post=19545"}],"curies":[{"name":"wp","href":"https:\/\/api.w.org\/{rel}","templated":true}]}}