{"id":19550,"date":"2024-02-06T10:12:10","date_gmt":"2024-02-06T13:12:10","guid":{"rendered":"https:\/\/radiostudiow.com.br\/site\/?p=19550"},"modified":"2025-01-31T15:02:14","modified_gmt":"2025-01-31T18:02:14","slug":"cunhado-ameaca-familiar-por-aluguel-de-casa-em-paulo-frontin","status":"publish","type":"post","link":"https:\/\/radiostudiow.com.br\/site\/2024\/02\/06\/cunhado-ameaca-familiar-por-aluguel-de-casa-em-paulo-frontin\/","title":{"rendered":"Cunhado amea\u00e7a familiar por aluguel de casa em Paulo Frontin"},"content":{"rendered":"\n<figure class=\"wp-block-image size-full\"><img decoding=\"async\" src=\"https:\/\/radiostudiow.com.br\/site\/wp-content\/uploads\/2024\/02\/capa.jpg\" alt=\"\" class=\"wp-image-19551\"\/><\/figure>\n\n\n\n<p>Por volta das 15h da \u00faltima segunda-feira (05), o destacamento policial de Paulo Frontin foi acionado por um homem, que relatou ter sido alvo de amea\u00e7as por parte de seu pr\u00f3prio cunhado.<\/p>\n\n\n\n<p>De acordo com o boletim de ocorr\u00eancia, o solicitante procurou as autoridades para relatar que seu cunhado, ao descobrir que ele estava prestes a alugar uma propriedade pertencente \u00e0 fam\u00edlia para outro indiv\u00edduo, iniciou uma s\u00e9rie de amea\u00e7as por meio de mensagens de texto no celular. Nas mensagens, o autor das amea\u00e7as expressou de forma direta e violenta suas inten\u00e7\u00f5es, dizendo: &#8220;Se alugar a casa n\u00f3s vamos entrar na paulada. Se estiver algu\u00e9m na casa eu passo fogo nele e na casa&#8221;.<\/p>\n\n\n\n<p>O teor das mensagens deixou o solicitante alarmado e preocupado com a seguran\u00e7a tanto dele quanto dos potenciais inquilinos da propriedade. A equipe policial presente no local prestou as orienta\u00e7\u00f5es necess\u00e1rias diante da situa\u00e7\u00e3o e providenciou o registro formal da ocorr\u00eancia.<\/p>\n\n\n\n<figure class=\"wp-block-image size-full\"><img decoding=\"async\" src=\"https:\/\/radiostudiow.com.br\/site\/wp-content\/uploads\/2024\/01\/SITE-GRANDE.png\" alt=\"\" class=\"wp-image-18949\"\/><\/figure>\n","protected":false},"excerpt":{"rendered":"<p>Por volta das 15h da \u00faltima segunda-feira (05), o destacamento policial de Paulo Frontin foi acionado por um homem, que relatou ter sido alvo de amea\u00e7as por parte de seu pr\u00f3prio cunhado. De acordo com o boletim de ocorr\u00eancia, o solicitante procurou as autoridades para relatar que seu cunhado, ao descobrir que ele estava prestes [&hellip;]<\/p>\n","protected":false},"author":2,"featured_media":5594,"comment_status":"open","ping_status":"open","sticky":false,"template":"","format":"standard","meta":{"footnotes":""},"categories":[2,185],"tags":[172],"class_list":["post-19550","post","type-post","status-publish","format-standard","has-post-thumbnail","hentry","category-policial","category-regional","tag-featured"],"amp_enabled":true,"_links":{"self":[{"href":"https:\/\/radiostudiow.com.br\/site\/wp-json\/wp\/v2\/posts\/19550","targetHints":{"allow":["GET"]}}],"collection":[{"href":"https:\/\/radiostudiow.com.br\/site\/wp-json\/wp\/v2\/posts"}],"about":[{"href":"https:\/\/radiostudiow.com.br\/site\/wp-json\/wp\/v2\/types\/post"}],"author":[{"embeddable":true,"href":"https:\/\/radiostudiow.com.br\/site\/wp-json\/wp\/v2\/users\/2"}],"replies":[{"embeddable":true,"href":"https:\/\/radiostudiow.com.br\/site\/wp-json\/wp\/v2\/comments?post=19550"}],"version-history":[{"count":1,"href":"https:\/\/radiostudiow.com.br\/site\/wp-json\/wp\/v2\/posts\/19550\/revisions"}],"predecessor-version":[{"id":19552,"href":"https:\/\/radiostudiow.com.br\/site\/wp-json\/wp\/v2\/posts\/19550\/revisions\/19552"}],"wp:featuredmedia":[{"embeddable":true,"href":"https:\/\/radiostudiow.com.br\/site\/wp-json\/wp\/v2\/media\/5594"}],"wp:attachment":[{"href":"https:\/\/radiostudiow.com.br\/site\/wp-json\/wp\/v2\/media?parent=19550"}],"wp:term":[{"taxonomy":"category","embeddable":true,"href":"https:\/\/radiostudiow.com.br\/site\/wp-json\/wp\/v2\/categories?post=19550"},{"taxonomy":"post_tag","embeddable":true,"href":"https:\/\/radiostudiow.com.br\/site\/wp-json\/wp\/v2\/tags?post=19550"}],"curies":[{"name":"wp","href":"https:\/\/api.w.org\/{rel}","templated":true}]}}