{"id":19553,"date":"2024-02-06T11:02:01","date_gmt":"2024-02-06T14:02:01","guid":{"rendered":"https:\/\/radiostudiow.com.br\/site\/?p=19553"},"modified":"2025-01-31T15:02:14","modified_gmt":"2025-01-31T18:02:14","slug":"acidente-na-br-153-deixa-quatro-pessoas-feridas","status":"publish","type":"post","link":"https:\/\/radiostudiow.com.br\/site\/2024\/02\/06\/acidente-na-br-153-deixa-quatro-pessoas-feridas\/","title":{"rendered":"Acidente na BR-153 deixa quatro pessoas feridas"},"content":{"rendered":"\n<p class=\"has-text-align-center\" style=\"font-size:29px\"><em><strong>Ap\u00f3s a colis\u00e3o com a \u00e1rvore o carro ainda pegou fogo<\/strong><\/em><\/p>\n\n\n\n<figure class=\"wp-block-image size-full\"><img decoding=\"async\" src=\"https:\/\/radiostudiow.com.br\/site\/wp-content\/uploads\/2024\/02\/image-21.png\" alt=\"\" class=\"wp-image-19555\"\/><\/figure>\n\n\n\n<figure class=\"wp-block-image size-full\"><img decoding=\"async\" src=\"https:\/\/radiostudiow.com.br\/site\/wp-content\/uploads\/2024\/01\/SITE-GRANDE2.png\" alt=\"\" class=\"wp-image-18938\"\/><\/figure>\n\n\n\n<p>O Corpo de bombeiros de Salto Veloso, bombeiros comunit\u00e1rios da Defesa Civil de General Carneiro e SAMU atenderam a um acidente na BR-153 Km 1, pr\u00f3ximo de \u00c1gua Doce no final da tarde desta segunda-feira, 05.<\/p>\n\n\n\n<p>Um ve\u00edculo Fiat Siena cinza com placas de Timb\u00f3 Grande-SC colidiu, ap\u00f3s perder o controle, com uma \u00e1rvore e deixou tr\u00eas pessoas feridas.<\/p>\n\n\n\n<p>Duas pessoas, um homem e uma mulher de 20 anos, se feriram com mais gravidade, apresentando quadro cl\u00ednico moderado. Um homem de 54 anos e outra mulher tiveram apenas escoria\u00e7\u00f5es.<\/p>\n\n\n\n<p>As v\u00edtimas mais graves foram conduzidas pelo Samu at\u00e9 o Hospital Regional S\u00e3o Camilo<\/p>\n\n\n\n<p>Ap\u00f3s a batida, o carro pegou fogo, mas populares conseguiram apagar as chamas com extintor.<\/p>\n\n\n\n<figure class=\"wp-block-image size-full is-resized\"><img loading=\"lazy\" decoding=\"async\" width=\"720\" height=\"540\" src=\"https:\/\/radiostudiow.com.br\/site\/wp-content\/uploads\/2024\/02\/image-20.png\" alt=\"\" class=\"wp-image-19554\" style=\"width:740px;height:auto\" srcset=\"https:\/\/radiostudiow.com.br\/site\/wp-content\/uploads\/2024\/02\/image-20.png 720w, https:\/\/radiostudiow.com.br\/site\/wp-content\/uploads\/2024\/02\/image-20-300x225.png 300w\" sizes=\"auto, (max-width: 720px) 100vw, 720px\" \/><\/figure>\n\n\n\n<figure class=\"wp-block-image size-full is-resized\"><img loading=\"lazy\" decoding=\"async\" width=\"720\" height=\"540\" src=\"https:\/\/radiostudiow.com.br\/site\/wp-content\/uploads\/2024\/02\/image-22.png\" alt=\"\" class=\"wp-image-19556\" style=\"width:744px;height:auto\" srcset=\"https:\/\/radiostudiow.com.br\/site\/wp-content\/uploads\/2024\/02\/image-22.png 720w, https:\/\/radiostudiow.com.br\/site\/wp-content\/uploads\/2024\/02\/image-22-300x225.png 300w\" sizes=\"auto, (max-width: 720px) 100vw, 720px\" \/><\/figure>\n\n\n\n<figure class=\"wp-block-image size-full\"><img loading=\"lazy\" decoding=\"async\" width=\"598\" height=\"204\" src=\"https:\/\/radiostudiow.com.br\/site\/wp-content\/uploads\/2024\/01\/SITE-MEDIO.png\" alt=\"\" class=\"wp-image-18916\" srcset=\"https:\/\/radiostudiow.com.br\/site\/wp-content\/uploads\/2024\/01\/SITE-MEDIO.png 598w, https:\/\/radiostudiow.com.br\/site\/wp-content\/uploads\/2024\/01\/SITE-MEDIO-300x102.png 300w\" sizes=\"auto, (max-width: 598px) 100vw, 598px\" \/><\/figure>\n\n\n\n<p><\/p>\n\n\n\n<p><a href=\"https:\/\/uniaodavitoria.portaldacidade.com\/noticias\/policial\/acidente-na-br-153-deixa-tres-pessoas-feridas-2056\" data-type=\"link\" data-id=\"https:\/\/uniaodavitoria.portaldacidade.com\/noticias\/policial\/acidente-na-br-153-deixa-tres-pessoas-feridas-2056\" target=\"_blank\" rel=\"noreferrer noopener\">Fonte: Portal da Cidade Uni\u00e3o da Vit\u00f3ria<\/a><\/p>\n","protected":false},"excerpt":{"rendered":"<p>Ap\u00f3s a colis\u00e3o com a \u00e1rvore o carro ainda pegou fogo O Corpo de bombeiros de Salto Veloso, bombeiros comunit\u00e1rios da Defesa Civil de General Carneiro e SAMU atenderam a um acidente na BR-153 Km 1, pr\u00f3ximo de \u00c1gua Doce no final da tarde desta segunda-feira, 05. Um ve\u00edculo Fiat Siena cinza com placas de [&hellip;]<\/p>\n","protected":false},"author":2,"featured_media":0,"comment_status":"open","ping_status":"open","sticky":false,"template":"","format":"standard","meta":{"footnotes":""},"categories":[185],"tags":[172],"class_list":["post-19553","post","type-post","status-publish","format-standard","hentry","category-regional","tag-featured"],"amp_enabled":true,"_links":{"self":[{"href":"https:\/\/radiostudiow.com.br\/site\/wp-json\/wp\/v2\/posts\/19553","targetHints":{"allow":["GET"]}}],"collection":[{"href":"https:\/\/radiostudiow.com.br\/site\/wp-json\/wp\/v2\/posts"}],"about":[{"href":"https:\/\/radiostudiow.com.br\/site\/wp-json\/wp\/v2\/types\/post"}],"author":[{"embeddable":true,"href":"https:\/\/radiostudiow.com.br\/site\/wp-json\/wp\/v2\/users\/2"}],"replies":[{"embeddable":true,"href":"https:\/\/radiostudiow.com.br\/site\/wp-json\/wp\/v2\/comments?post=19553"}],"version-history":[{"count":3,"href":"https:\/\/radiostudiow.com.br\/site\/wp-json\/wp\/v2\/posts\/19553\/revisions"}],"predecessor-version":[{"id":19559,"href":"https:\/\/radiostudiow.com.br\/site\/wp-json\/wp\/v2\/posts\/19553\/revisions\/19559"}],"wp:attachment":[{"href":"https:\/\/radiostudiow.com.br\/site\/wp-json\/wp\/v2\/media?parent=19553"}],"wp:term":[{"taxonomy":"category","embeddable":true,"href":"https:\/\/radiostudiow.com.br\/site\/wp-json\/wp\/v2\/categories?post=19553"},{"taxonomy":"post_tag","embeddable":true,"href":"https:\/\/radiostudiow.com.br\/site\/wp-json\/wp\/v2\/tags?post=19553"}],"curies":[{"name":"wp","href":"https:\/\/api.w.org\/{rel}","templated":true}]}}