{"id":19564,"date":"2024-02-06T11:56:09","date_gmt":"2024-02-06T14:56:09","guid":{"rendered":"https:\/\/radiostudiow.com.br\/site\/?p=19564"},"modified":"2025-01-31T15:02:13","modified_gmt":"2025-01-31T18:02:13","slug":"mec-divulga-nesta-terca-resultado-da-1a-chamada-do-prouni-2024","status":"publish","type":"post","link":"https:\/\/radiostudiow.com.br\/site\/2024\/02\/06\/mec-divulga-nesta-terca-resultado-da-1a-chamada-do-prouni-2024\/","title":{"rendered":"MEC divulga nesta ter\u00e7a resultado da 1\u00aa chamada do Prouni 2024"},"content":{"rendered":"\n<p class=\"has-text-align-center has-medium-font-size\"><strong><em>Programa oferece mais de 406 mil bolsas integrais e parciais<\/em><\/strong><\/p>\n\n\n\n<figure class=\"wp-block-image size-large\"><img loading=\"lazy\" decoding=\"async\" width=\"1024\" height=\"613\" src=\"https:\/\/radiostudiow.com.br\/site\/wp-content\/uploads\/2024\/02\/image-24-1024x613.png\" alt=\"\" class=\"wp-image-19565\" srcset=\"https:\/\/radiostudiow.com.br\/site\/wp-content\/uploads\/2024\/02\/image-24-1024x613.png 1024w, https:\/\/radiostudiow.com.br\/site\/wp-content\/uploads\/2024\/02\/image-24-300x179.png 300w, https:\/\/radiostudiow.com.br\/site\/wp-content\/uploads\/2024\/02\/image-24-768x459.png 768w, https:\/\/radiostudiow.com.br\/site\/wp-content\/uploads\/2024\/02\/image-24-1000x600.png 1000w, https:\/\/radiostudiow.com.br\/site\/wp-content\/uploads\/2024\/02\/image-24-590x354.png 590w, https:\/\/radiostudiow.com.br\/site\/wp-content\/uploads\/2024\/02\/image-24-400x240.png 400w, https:\/\/radiostudiow.com.br\/site\/wp-content\/uploads\/2024\/02\/image-24.png 1170w\" sizes=\"auto, (max-width: 1024px) 100vw, 1024px\" \/><\/figure>\n\n\n\n<figure class=\"wp-block-image size-large\"><img decoding=\"async\" src=\"https:\/\/radiostudiow.com.br\/site\/wp-content\/uploads\/2024\/02\/capa-1024x387.jpg\" alt=\"\" class=\"wp-image-19551\"\/><\/figure>\n\n\n\n<p>O Minist\u00e9rio da Educa\u00e7\u00e3o (MEC) programou para esta ter\u00e7a-feira (6) a divulga\u00e7\u00e3o da lista dos candidatos pr\u00e9-selecionados na primeira chamada do Programa Universidade para Todos (Prouni), referente ao primeiro semestre de 2024. O processo seletivo\u202foferta bolsas de estudo para cursos de gradua\u00e7\u00e3o em institui\u00e7\u00f5es de educa\u00e7\u00e3o superior privadas.<\/p>\n\n\n\n<p>A rela\u00e7\u00e3o estar\u00e1 dispon\u00edvel no <a href=\"https:\/\/acessounico.mec.gov.br\/prouni\" data-type=\"link\" data-id=\"https:\/\/acessounico.mec.gov.br\/prouni\" target=\"_blank\" rel=\"noreferrer noopener\">Portal \u00danico de Acesso ao Ensino Superior<\/a> \u2013 Prouni. Ao todo, a primeira edi\u00e7\u00e3o do programa ofertou 406.428\u202fbolsas, sendo 308.977 integrais (100%) e 97.451\u202fparciais\u202f(50%), distribu\u00eddas em\u202f15.482\u202fcursos,\u202fde 1.028\u202finstitui\u00e7\u00f5es participantes.<\/p>\n\n\n\n<p>Esta \u00e9 a edi\u00e7\u00e3o do programa com a maior oferta de bolsas, desde a primeira, em 2005. Os cinco estados com o maior n\u00famero de bolsas ofertadas desta vez s\u00e3o S\u00e3o Paulo (104.893 vagas), Minas Gerais (39.910 vagas), <strong>Paran\u00e1 (35.630 vagas)<\/strong>, Rio Grande do Sul (26.398 vagas) e Bahia (22.051 vagas).<\/p>\n\n\n\n<p style=\"font-size:25px\"><strong>Comprova\u00e7\u00e3o<\/strong><\/p>\n\n\n\n<p>O candidato pr\u00e9-selecionado na primeira chamada dever\u00e1 entregar a documenta\u00e7\u00e3o na institui\u00e7\u00e3o de ensino superior para a qual foi pr\u00e9-selecionado no per\u00edodo de 6 a 20 de fevereiro. Para comprova\u00e7\u00e3o das informa\u00e7\u00f5es prestadas no ato de inscri\u00e7\u00e3o, o candidato pode comparecer na institui\u00e7\u00e3o ou envi\u00e1-las por meio virtual\/eletr\u00f4nico.<\/p>\n\n\n\n<p>O MEC alerta que \u00e9 de inteira responsabilidade do candidato verificar, na institui\u00e7\u00e3o, os hor\u00e1rios e o local de comparecimento para confer\u00eancia das informa\u00e7\u00f5es. A perda do prazo ou a n\u00e3o comprova\u00e7\u00e3o das informa\u00e7\u00f5es implicar\u00e1, automaticamente, a perda da bolsa.<\/p>\n\n\n\n<p>A institui\u00e7\u00e3o dever\u00e1 emitir documento de comprova\u00e7\u00e3o de entrega da documenta\u00e7\u00e3o ao receb\u00ea-la do candidato pr\u00e9-selecionado.<\/p>\n\n\n\n<figure class=\"wp-block-gallery has-nested-images columns-default is-cropped wp-block-gallery-1 is-layout-flex wp-block-gallery-is-layout-flex\">\n<figure class=\"wp-block-image size-full\"><img decoding=\"async\" data-id=\"19268\" src=\"https:\/\/radiostudiow.com.br\/site\/wp-content\/uploads\/2024\/01\/SITE-PEQUENO-1.png\" alt=\"\" class=\"wp-image-19268\"\/><\/figure>\n\n\n\n<figure class=\"wp-block-image size-full\"><img loading=\"lazy\" decoding=\"async\" width=\"300\" height=\"180\" data-id=\"18945\" src=\"https:\/\/radiostudiow.com.br\/site\/wp-content\/uploads\/2024\/01\/SITE-PEQUENO.png\" alt=\"\" class=\"wp-image-18945\"\/><\/figure>\n\n\n\n<figure class=\"wp-block-image size-full\"><img decoding=\"async\" data-id=\"18924\" src=\"https:\/\/radiostudiow.com.br\/site\/wp-content\/uploads\/2024\/01\/SITE-PEQUENO3.png\" alt=\"\" class=\"wp-image-18924\"\/><\/figure>\n<\/figure>\n\n\n\n<p style=\"font-size:25px\"><strong>Outros prazos<\/strong><\/p>\n\n\n\n<p>O\u202fprocesso seletivo do\u202fprimeiro\u202fsemestre do Prouni 2024\u202fter\u00e1 duas chamadas. Segundo o cronograma, o resultado da segunda chamada ser\u00e1 conhecido em 27 de fevereiro.\u202f<\/p>\n\n\n\n<p>De acordo com o edital, o per\u00edodo para o candidato manifestar interesse em participar da lista de espera por uma vaga no ProUni, no <a href=\"https:\/\/acessounico.mec.gov.br\/prouni\" data-type=\"link\" data-id=\"https:\/\/acessounico.mec.gov.br\/prouni\" target=\"_blank\" rel=\"noreferrer noopener\">site do processo seletivo<\/a>, ser\u00e1 nos dias 14 e 15 de mar\u00e7o de 2024. O resultado da lista de espera do primeiro semestre vai ser divulgado em 18 de mar\u00e7o.<\/p>\n\n\n\n<p>Mais informa\u00e7\u00f5es est\u00e3o dispon\u00edveis no <a href=\"https:\/\/www.in.gov.br\/en\/web\/dou\/-\/edital-n-2-de-16-de-janeiro-de-2024-538088141\" data-type=\"link\" data-id=\"https:\/\/www.in.gov.br\/en\/web\/dou\/-\/edital-n-2-de-16-de-janeiro-de-2024-538088141\" target=\"_blank\" rel=\"noreferrer noopener\">edital do processo seletivo<\/a>, publicado pelo MEC em janeiro.<\/p>\n\n\n\n<p style=\"font-size:25px\"><strong>Prouni<\/strong><\/p>\n\n\n\n<p>Criado\u202fem 2004, o\u202fPrograma Universidade Para Todos oferta bolsas de estudo\u202f(integrais e parciais)\u202fem cursos de gradua\u00e7\u00e3o e sequenciais de forma\u00e7\u00e3o espec\u00edfica, em institui\u00e7\u00f5es de educa\u00e7\u00e3o superior privadas.\u202f\u202f<\/p>\n\n\n\n<figure class=\"wp-block-image size-full\"><img loading=\"lazy\" decoding=\"async\" width=\"598\" height=\"204\" src=\"https:\/\/radiostudiow.com.br\/site\/wp-content\/uploads\/2024\/01\/SITE-MEDIO.png\" alt=\"\" class=\"wp-image-18916\" srcset=\"https:\/\/radiostudiow.com.br\/site\/wp-content\/uploads\/2024\/01\/SITE-MEDIO.png 598w, https:\/\/radiostudiow.com.br\/site\/wp-content\/uploads\/2024\/01\/SITE-MEDIO-300x102.png 300w\" sizes=\"auto, (max-width: 598px) 100vw, 598px\" \/><\/figure>\n\n\n\n<p class=\"has-medium-font-size\"><em><strong><a href=\"https:\/\/agenciabrasil.ebc.com.br\/educacao\/noticia\/2024-02\/mec-divulga-nesta-terca-resultado-da-1a-chamada-do-prouni-2024\" data-type=\"link\" data-id=\"https:\/\/agenciabrasil.ebc.com.br\/educacao\/noticia\/2024-02\/mec-divulga-nesta-terca-resultado-da-1a-chamada-do-prouni-2024\" target=\"_blank\" rel=\"noreferrer noopener\">Fonte: Ag\u00eancia Brasil<\/a><\/strong><\/em><\/p>\n","protected":false},"excerpt":{"rendered":"<p>Programa oferece mais de 406 mil bolsas integrais e parciais O Minist\u00e9rio da Educa\u00e7\u00e3o (MEC) programou para esta ter\u00e7a-feira (6) a divulga\u00e7\u00e3o da lista dos candidatos pr\u00e9-selecionados na primeira chamada do Programa Universidade para Todos (Prouni), referente ao primeiro semestre de 2024. O processo seletivo\u202foferta bolsas de estudo para cursos de gradua\u00e7\u00e3o em institui\u00e7\u00f5es de [&hellip;]<\/p>\n","protected":false},"author":2,"featured_media":19565,"comment_status":"open","ping_status":"open","sticky":false,"template":"","format":"standard","meta":{"footnotes":""},"categories":[7],"tags":[172],"class_list":["post-19564","post","type-post","status-publish","format-standard","has-post-thumbnail","hentry","category-geral","tag-featured"],"amp_enabled":true,"_links":{"self":[{"href":"https:\/\/radiostudiow.com.br\/site\/wp-json\/wp\/v2\/posts\/19564","targetHints":{"allow":["GET"]}}],"collection":[{"href":"https:\/\/radiostudiow.com.br\/site\/wp-json\/wp\/v2\/posts"}],"about":[{"href":"https:\/\/radiostudiow.com.br\/site\/wp-json\/wp\/v2\/types\/post"}],"author":[{"embeddable":true,"href":"https:\/\/radiostudiow.com.br\/site\/wp-json\/wp\/v2\/users\/2"}],"replies":[{"embeddable":true,"href":"https:\/\/radiostudiow.com.br\/site\/wp-json\/wp\/v2\/comments?post=19564"}],"version-history":[{"count":1,"href":"https:\/\/radiostudiow.com.br\/site\/wp-json\/wp\/v2\/posts\/19564\/revisions"}],"predecessor-version":[{"id":19566,"href":"https:\/\/radiostudiow.com.br\/site\/wp-json\/wp\/v2\/posts\/19564\/revisions\/19566"}],"wp:featuredmedia":[{"embeddable":true,"href":"https:\/\/radiostudiow.com.br\/site\/wp-json\/wp\/v2\/media\/19565"}],"wp:attachment":[{"href":"https:\/\/radiostudiow.com.br\/site\/wp-json\/wp\/v2\/media?parent=19564"}],"wp:term":[{"taxonomy":"category","embeddable":true,"href":"https:\/\/radiostudiow.com.br\/site\/wp-json\/wp\/v2\/categories?post=19564"},{"taxonomy":"post_tag","embeddable":true,"href":"https:\/\/radiostudiow.com.br\/site\/wp-json\/wp\/v2\/tags?post=19564"}],"curies":[{"name":"wp","href":"https:\/\/api.w.org\/{rel}","templated":true}]}}