{"id":19569,"date":"2024-02-06T15:24:12","date_gmt":"2024-02-06T18:24:12","guid":{"rendered":"https:\/\/radiostudiow.com.br\/site\/?p=19569"},"modified":"2025-01-31T15:02:13","modified_gmt":"2025-01-31T18:02:13","slug":"mais-uma-vitima-do-acidente-da-br-476-um-menino-de-nove-anos","status":"publish","type":"post","link":"https:\/\/radiostudiow.com.br\/site\/2024\/02\/06\/mais-uma-vitima-do-acidente-da-br-476-um-menino-de-nove-anos\/","title":{"rendered":"Morre mais uma v\u00edtima do acidente da BR-476, um menino de nove anos"},"content":{"rendered":"\n<figure class=\"wp-block-image size-full\"><img decoding=\"async\" src=\"https:\/\/radiostudiow.com.br\/site\/wp-content\/uploads\/2024\/01\/SITE-GRANDE4.png\" alt=\"\" class=\"wp-image-18920\"\/><\/figure>\n\n\n\n<p>Morreu na tarde desta segunda-feira, 5, a segunda v\u00edtima do acidente que envolveu dois ve\u00edculos na tarde deste domingo, 5, na BR-476 na Col\u00f4nia Luzia.<\/p>\n\n\n\n<p>No domingo ainda faleceu Sebasti\u00e3o Carlito de Paula de 69 anos.<\/p>\n\n\n\n<figure class=\"wp-block-image size-full\"><img loading=\"lazy\" decoding=\"async\" width=\"518\" height=\"545\" src=\"https:\/\/radiostudiow.com.br\/site\/wp-content\/uploads\/2024\/02\/image-25-edited.png\" alt=\"\" class=\"wp-image-19572\" srcset=\"https:\/\/radiostudiow.com.br\/site\/wp-content\/uploads\/2024\/02\/image-25-edited.png 518w, https:\/\/radiostudiow.com.br\/site\/wp-content\/uploads\/2024\/02\/image-25-edited-285x300.png 285w\" sizes=\"auto, (max-width: 518px) 100vw, 518px\" \/><\/figure>\n\n\n\n<p>A cerim\u00f4nia de despedida de Sebasti\u00e3o aconteceu na Capela Mortu\u00e1ria do Bairro Jo\u00e3o Paulo II, e o sepultamento ocorreu nesta ter\u00e7a-feira, dia 6, \u00e0s 09h no Cemit\u00e9rio Correntes.<\/p>\n\n\n\n<p>E nesta segunda-feira, o pequeno Adalto Davi de Paula de 9 anos n\u00e3o resistiu aos ferimentos e acabou falecendo. Ele era aluno da Escola Municipal D\u00e1rio Bordin, de Uni\u00e3o da Vit\u00f3ria.<\/p>\n\n\n\n<figure class=\"wp-block-image size-full\"><img loading=\"lazy\" decoding=\"async\" width=\"720\" height=\"454\" src=\"https:\/\/radiostudiow.com.br\/site\/wp-content\/uploads\/2024\/02\/image-26.png\" alt=\"\" class=\"wp-image-19571\" srcset=\"https:\/\/radiostudiow.com.br\/site\/wp-content\/uploads\/2024\/02\/image-26.png 720w, https:\/\/radiostudiow.com.br\/site\/wp-content\/uploads\/2024\/02\/image-26-300x189.png 300w\" sizes=\"auto, (max-width: 720px) 100vw, 720px\" \/><\/figure>\n\n\n\n<p>A prefeitura de Uni\u00e3o da Vit\u00f3ria emitiu uma nota de pesar:<\/p>\n\n\n\n<blockquote class=\"wp-block-quote is-layout-flow wp-block-quote-is-layout-flow\">\n<p><em>&#8220;A Prefeitura de Uni\u00e3o da Vit\u00f3ria manifesta seu mais profundo pesar pelo falecimento do Adalto Davi de Paula ocorrido nesta segunda-feira, 05, aos 9 anos de idade. Adalto foi v\u00edtima de um acidente na rodovia BR 476 na tarde do \u00faltimo domingo, 04. Foi aluno da Rede Municipal de Educa\u00e7\u00e3o de Uni\u00e3o da Vit\u00f3ria, estava no 4\u00ba ano do Ensino Fundamental na Escola Municipal D\u00e1rio Bordin no Distrito de S\u00e3o Crist\u00f3v\u00e3o.&#8221;<\/em><\/p>\n<\/blockquote>\n\n\n\n<figure class=\"wp-block-embed is-type-wp-embed is-provider-studio-w wp-block-embed-studio-w\"><div class=\"wp-block-embed__wrapper\">\n<blockquote class=\"wp-embedded-content\" data-secret=\"NH7ireyHhz\"><a href=\"https:\/\/radiostudiow.com.br\/site\/2024\/02\/05\/acidente-grave-na-br-476-deixa-uma-vitima-fatal-e-cinco-feridos\/\">Acidente grave na BR-476 deixa uma v\u00edtima fatal e cinco feridos<\/a><\/blockquote><iframe loading=\"lazy\" class=\"wp-embedded-content\" sandbox=\"allow-scripts\" security=\"restricted\" style=\"position: absolute; clip: rect(1px, 1px, 1px, 1px);\" title=\"&#8220;Acidente grave na BR-476 deixa uma v\u00edtima fatal e cinco feridos&#8221; &#8212; Studio W\" src=\"https:\/\/radiostudiow.com.br\/site\/2024\/02\/05\/acidente-grave-na-br-476-deixa-uma-vitima-fatal-e-cinco-feridos\/embed\/#?secret=Gv9V7uQzSf#?secret=NH7ireyHhz\" data-secret=\"NH7ireyHhz\" width=\"600\" height=\"338\" frameborder=\"0\" marginwidth=\"0\" marginheight=\"0\" scrolling=\"no\"><\/iframe>\n<\/div><\/figure>\n\n\n\n<figure class=\"wp-block-image size-full\"><img decoding=\"async\" src=\"https:\/\/radiostudiow.com.br\/site\/wp-content\/uploads\/2023\/08\/image-127.png\" alt=\"\" class=\"wp-image-14660\"\/><\/figure>\n\n\n\n<p style=\"font-size:22px\"><a href=\"https:\/\/www.vvale.com.br\/transito\/mais-uma-vitima-do-acidente-da-br-476-um-menino-de-nove-anos\/\" data-type=\"link\" data-id=\"https:\/\/www.vvale.com.br\/transito\/mais-uma-vitima-do-acidente-da-br-476-um-menino-de-nove-anos\/\" target=\"_blank\" rel=\"noreferrer noopener\"><em><strong>Fonte: VVale<\/strong><\/em><\/a><\/p>\n","protected":false},"excerpt":{"rendered":"<p>Morreu na tarde desta segunda-feira, 5, a segunda v\u00edtima do acidente que envolveu dois ve\u00edculos na tarde deste domingo, 5, na BR-476 na Col\u00f4nia Luzia. No domingo ainda faleceu Sebasti\u00e3o Carlito de Paula de 69 anos. A cerim\u00f4nia de despedida de Sebasti\u00e3o aconteceu na Capela Mortu\u00e1ria do Bairro Jo\u00e3o Paulo II, e o sepultamento ocorreu [&hellip;]<\/p>\n","protected":false},"author":2,"featured_media":19571,"comment_status":"open","ping_status":"open","sticky":false,"template":"","format":"standard","meta":{"footnotes":""},"categories":[185],"tags":[172],"class_list":["post-19569","post","type-post","status-publish","format-standard","has-post-thumbnail","hentry","category-regional","tag-featured"],"amp_enabled":true,"_links":{"self":[{"href":"https:\/\/radiostudiow.com.br\/site\/wp-json\/wp\/v2\/posts\/19569","targetHints":{"allow":["GET"]}}],"collection":[{"href":"https:\/\/radiostudiow.com.br\/site\/wp-json\/wp\/v2\/posts"}],"about":[{"href":"https:\/\/radiostudiow.com.br\/site\/wp-json\/wp\/v2\/types\/post"}],"author":[{"embeddable":true,"href":"https:\/\/radiostudiow.com.br\/site\/wp-json\/wp\/v2\/users\/2"}],"replies":[{"embeddable":true,"href":"https:\/\/radiostudiow.com.br\/site\/wp-json\/wp\/v2\/comments?post=19569"}],"version-history":[{"count":4,"href":"https:\/\/radiostudiow.com.br\/site\/wp-json\/wp\/v2\/posts\/19569\/revisions"}],"predecessor-version":[{"id":19576,"href":"https:\/\/radiostudiow.com.br\/site\/wp-json\/wp\/v2\/posts\/19569\/revisions\/19576"}],"wp:featuredmedia":[{"embeddable":true,"href":"https:\/\/radiostudiow.com.br\/site\/wp-json\/wp\/v2\/media\/19571"}],"wp:attachment":[{"href":"https:\/\/radiostudiow.com.br\/site\/wp-json\/wp\/v2\/media?parent=19569"}],"wp:term":[{"taxonomy":"category","embeddable":true,"href":"https:\/\/radiostudiow.com.br\/site\/wp-json\/wp\/v2\/categories?post=19569"},{"taxonomy":"post_tag","embeddable":true,"href":"https:\/\/radiostudiow.com.br\/site\/wp-json\/wp\/v2\/tags?post=19569"}],"curies":[{"name":"wp","href":"https:\/\/api.w.org\/{rel}","templated":true}]}}