{"id":19580,"date":"2024-02-06T20:56:57","date_gmt":"2024-02-06T23:56:57","guid":{"rendered":"https:\/\/radiostudiow.com.br\/site\/?p=19580"},"modified":"2025-01-31T15:02:13","modified_gmt":"2025-01-31T18:02:13","slug":"condutor-com-a-cnh-vencida-dirigindo-caminhonete-com-debitos-ocasiona-acidente-em-mallet-e-se-evade-do-local-sem-prestar-socorro-a-vitima","status":"publish","type":"post","link":"https:\/\/radiostudiow.com.br\/site\/2024\/02\/06\/condutor-com-a-cnh-vencida-dirigindo-caminhonete-com-debitos-ocasiona-acidente-em-mallet-e-se-evade-do-local-sem-prestar-socorro-a-vitima\/","title":{"rendered":"CONDUTOR COM A CNH VENCIDA DIRIGINDO CAMINHONETE COM D\u00c9BITOS OCASIONA ACIDENTE EM MALLET E SE EVADE DO LOCAL SEM PRESTAR SOCORRO \u00c0 V\u00cdTIMA."},"content":{"rendered":"\n<figure class=\"wp-block-image size-large\"><img decoding=\"async\" src=\"https:\/\/radiostudiow.com.br\/site\/wp-content\/uploads\/2024\/02\/capa-1024x387.jpg\" alt=\"\" class=\"wp-image-19551\"\/><\/figure>\n\n\n\n<p class=\"has-text-color has-link-color wp-elements-e0fa39b4423ee50ada7444281acc5e34\" style=\"color:#ffffff00\">.<\/p>\n\n\n\n<p>A equipe da Pol\u00edcia Militar de Mallet, foi acionada no in\u00edcio da tarde desta ter\u00e7a-feira (06), para atender uma situa\u00e7\u00e3o de acidente de tr\u00e2nsito, sendo que um dos condutores tinha se evadido do local.&nbsp;<\/p>\n\n\n\n<p>A condutora da motocicleta Honda\/CG 160 Fan, seguia pela Rua Cherubim de Almeida, na Vila Mariana, quando no cruzamento com a Rua Correia de Freitas, uma caminhonete FORD\/Ranger placas de Bras\u00edlia-DF, avan\u00e7ou o cruzamento n\u00e3o respeitando a via preferencial, e a motociclista acabou colidindo e caindo com a sua moto na via.<\/p>\n\n\n\n<p>Segundo a v\u00edtima relatou aos policiais que o condutor da caminhonete era um radialista e se evadiu do local dizendo que iria para o seu local de trabalho.&nbsp;<\/p>\n\n\n\n<p>Em seguida, ela foi conduzida por familiares at\u00e9 o Hospital S\u00e3o Pedro para cuidados m\u00e9dicos.&nbsp;<\/p>\n\n\n\n<p>Segundo o boletim de ocorr\u00eancia, o condutor da caminhonete que saiu do local da colis\u00e3o, procurou na sequ\u00eancia a equipe no Pelot\u00e3o da Pol\u00edcia Militar, mas sem o ve\u00edculo que havia ocasionado o acidente, alegando que teria vindo procurar os policiais.<\/p>\n\n\n\n<p class=\"has-text-color has-link-color wp-elements-e0fa39b4423ee50ada7444281acc5e34\" style=\"color:#ffffff00\">.<\/p>\n\n\n\n<figure class=\"wp-block-image size-full\"><img decoding=\"async\" src=\"https:\/\/radiostudiow.com.br\/site\/wp-content\/uploads\/2024\/01\/SITE-GRANDE.png\" alt=\"\" class=\"wp-image-18949\"\/><\/figure>\n\n\n\n<p class=\"has-text-color has-link-color wp-elements-e0fa39b4423ee50ada7444281acc5e34\" style=\"color:#ffffff00\">.<\/p>\n\n\n\n<p>Como ele estava sem a caminhonete, e que n\u00e3o iria apresentar a autoridade, foi realizada a consulta ao sistema e verificou-se que a caminhonete registrada no Distrito Federal possui d\u00e9bitos de licenciamento e pend\u00eancias judiciais, e o condutor estava com a CNH (Carteira Nacional de Habilita\u00e7\u00e3o) vencida desde abril de 2023.<\/p>\n\n\n\n<p>Foi realizado teste do baf\u00f4metro o qual aferiu 0,00 mg\/l.<\/p>\n\n\n\n<p>O acusado de ocasionar o acidente comentou que se necess\u00e1rio iria a Pol\u00edcia Civil resolver o problema.<\/p>\n\n\n\n<p>Os policiais realizaram os procedimentos cab\u00edveis e orientaram ambas as partes.&nbsp;<\/p>\n\n\n\n<p>A condutora da moto ficou hospitalizada e foi transferida para a cidade de Irati com suspeita de ter fraturado a m\u00e3o direita.<\/p>\n\n\n\n<p>O motorista da caminhonete se apresentou \u00e0 10\u00aa DRP (Delegacia Regional da Pol\u00edcia Civil), onde foram tomadas as medidas cab\u00edveis.<\/p>\n\n\n\n<p class=\"has-text-color has-link-color wp-elements-e0fa39b4423ee50ada7444281acc5e34\" style=\"color:#ffffff00\">.<\/p>\n\n\n\n<figure class=\"wp-block-image size-full\"><img loading=\"lazy\" decoding=\"async\" width=\"897\" height=\"204\" src=\"https:\/\/radiostudiow.com.br\/site\/wp-content\/uploads\/2024\/01\/SITE-GRANDE3.png\" alt=\"zaions\" class=\"wp-image-18936\" srcset=\"https:\/\/radiostudiow.com.br\/site\/wp-content\/uploads\/2024\/01\/SITE-GRANDE3.png 897w, https:\/\/radiostudiow.com.br\/site\/wp-content\/uploads\/2024\/01\/SITE-GRANDE3-300x68.png 300w, https:\/\/radiostudiow.com.br\/site\/wp-content\/uploads\/2024\/01\/SITE-GRANDE3-768x175.png 768w\" sizes=\"auto, (max-width: 897px) 100vw, 897px\" \/><\/figure>\n","protected":false},"excerpt":{"rendered":"<p>. A equipe da Pol\u00edcia Militar de Mallet, foi acionada no in\u00edcio da tarde desta ter\u00e7a-feira (06), para atender uma situa\u00e7\u00e3o de acidente de tr\u00e2nsito, sendo que um dos condutores tinha se evadido do local.&nbsp; A condutora da motocicleta Honda\/CG 160 Fan, seguia pela Rua Cherubim de Almeida, na Vila Mariana, quando no cruzamento com [&hellip;]<\/p>\n","protected":false},"author":2,"featured_media":12720,"comment_status":"open","ping_status":"open","sticky":false,"template":"","format":"standard","meta":{"footnotes":""},"categories":[184,2],"tags":[172],"class_list":["post-19580","post","type-post","status-publish","format-standard","has-post-thumbnail","hentry","category-local","category-policial","tag-featured"],"amp_enabled":true,"_links":{"self":[{"href":"https:\/\/radiostudiow.com.br\/site\/wp-json\/wp\/v2\/posts\/19580","targetHints":{"allow":["GET"]}}],"collection":[{"href":"https:\/\/radiostudiow.com.br\/site\/wp-json\/wp\/v2\/posts"}],"about":[{"href":"https:\/\/radiostudiow.com.br\/site\/wp-json\/wp\/v2\/types\/post"}],"author":[{"embeddable":true,"href":"https:\/\/radiostudiow.com.br\/site\/wp-json\/wp\/v2\/users\/2"}],"replies":[{"embeddable":true,"href":"https:\/\/radiostudiow.com.br\/site\/wp-json\/wp\/v2\/comments?post=19580"}],"version-history":[{"count":4,"href":"https:\/\/radiostudiow.com.br\/site\/wp-json\/wp\/v2\/posts\/19580\/revisions"}],"predecessor-version":[{"id":19585,"href":"https:\/\/radiostudiow.com.br\/site\/wp-json\/wp\/v2\/posts\/19580\/revisions\/19585"}],"wp:featuredmedia":[{"embeddable":true,"href":"https:\/\/radiostudiow.com.br\/site\/wp-json\/wp\/v2\/media\/12720"}],"wp:attachment":[{"href":"https:\/\/radiostudiow.com.br\/site\/wp-json\/wp\/v2\/media?parent=19580"}],"wp:term":[{"taxonomy":"category","embeddable":true,"href":"https:\/\/radiostudiow.com.br\/site\/wp-json\/wp\/v2\/categories?post=19580"},{"taxonomy":"post_tag","embeddable":true,"href":"https:\/\/radiostudiow.com.br\/site\/wp-json\/wp\/v2\/tags?post=19580"}],"curies":[{"name":"wp","href":"https:\/\/api.w.org\/{rel}","templated":true}]}}