{"id":19586,"date":"2024-02-07T09:42:26","date_gmt":"2024-02-07T12:42:26","guid":{"rendered":"https:\/\/radiostudiow.com.br\/site\/?p=19586"},"modified":"2025-01-31T15:02:13","modified_gmt":"2025-01-31T18:02:13","slug":"homem-e-ameacado-por-seus-sobrinhos-apos-impedir-retirada-de-nos-de-pinheiro-de-propriedade-rural","status":"publish","type":"post","link":"https:\/\/radiostudiow.com.br\/site\/2024\/02\/07\/homem-e-ameacado-por-seus-sobrinhos-apos-impedir-retirada-de-nos-de-pinheiro-de-propriedade-rural\/","title":{"rendered":"Em General Carneiro, Homem \u00e9 amea\u00e7ado por seus sobrinhos ap\u00f3s impedir retirada de \u201cn\u00f3s de pinheiro\u201d de propriedade rural"},"content":{"rendered":"\n<figure class=\"wp-block-image size-large\"><img decoding=\"async\" src=\"https:\/\/radiostudiow.com.br\/site\/wp-content\/uploads\/2024\/02\/capa-1024x387.jpg\" alt=\"\" class=\"wp-image-19551\"\/><\/figure>\n\n\n\n<p>Na tarde desta ter\u00e7a-feira, dia 6 de fevereiro, um incidente na \u00e1rea rural de General Carneiro chamou a aten\u00e7\u00e3o das autoridades locais. Um homem compareceu ao Posto Policial Militar relatando uma situa\u00e7\u00e3o de amea\u00e7a envolvendo seus sobrinhos.<\/p>\n\n\n\n<p>De acordo com o boletim de ocorr\u00eancia registrado \u00e0s 17h34, o senhor relatou que seus sobrinhos pediram para ele se poderiam passar alguns dias em sua casa, pois estariam passando por dificuldades.<\/p>\n\n\n\n<p>Mas enquanto estava trabalhando com gado na propriedade notou a presen\u00e7a de seus sobrinhos mexendo em &#8220;n\u00f3s de pinheiro&#8221;. Os indiv\u00edduos, segundo o relato, solicitaram autoriza\u00e7\u00e3o para coletar os n\u00f3s, por\u00e9m o tio negou, explicando que como empregado de uma fazenda, os itens na propriedade n\u00e3o lhe pertenciam para autorizar tal a\u00e7\u00e3o.<\/p>\n\n\n\n<p>A situa\u00e7\u00e3o se agravou quando a v\u00edtima recebeu \u00e1udios dos sobrinhos proferindo amea\u00e7as de morte, como repres\u00e1lia pela recusa em permitir o acesso aos produtos para vender. N\u00e3o foram divulgados detalhes sobre o conte\u00fado exato das amea\u00e7as.<\/p>\n\n\n\n<p>Diante do ocorrido, o Posto Policial Militar orientou o homem sobre os procedimentos a seguir e um boletim de ocorr\u00eancia foi confeccionado.<\/p>\n\n\n\n<figure class=\"wp-block-image size-full\"><img decoding=\"async\" src=\"https:\/\/radiostudiow.com.br\/site\/wp-content\/uploads\/2024\/01\/SITE-GRANDE.png\" alt=\"\" class=\"wp-image-18949\"\/><\/figure>\n","protected":false},"excerpt":{"rendered":"<p>Na tarde desta ter\u00e7a-feira, dia 6 de fevereiro, um incidente na \u00e1rea rural de General Carneiro chamou a aten\u00e7\u00e3o das autoridades locais. Um homem compareceu ao Posto Policial Militar relatando uma situa\u00e7\u00e3o de amea\u00e7a envolvendo seus sobrinhos. De acordo com o boletim de ocorr\u00eancia registrado \u00e0s 17h34, o senhor relatou que seus sobrinhos pediram para [&hellip;]<\/p>\n","protected":false},"author":2,"featured_media":0,"comment_status":"open","ping_status":"open","sticky":false,"template":"","format":"standard","meta":{"footnotes":""},"categories":[2,185],"tags":[172],"class_list":["post-19586","post","type-post","status-publish","format-standard","hentry","category-policial","category-regional","tag-featured"],"amp_enabled":true,"_links":{"self":[{"href":"https:\/\/radiostudiow.com.br\/site\/wp-json\/wp\/v2\/posts\/19586","targetHints":{"allow":["GET"]}}],"collection":[{"href":"https:\/\/radiostudiow.com.br\/site\/wp-json\/wp\/v2\/posts"}],"about":[{"href":"https:\/\/radiostudiow.com.br\/site\/wp-json\/wp\/v2\/types\/post"}],"author":[{"embeddable":true,"href":"https:\/\/radiostudiow.com.br\/site\/wp-json\/wp\/v2\/users\/2"}],"replies":[{"embeddable":true,"href":"https:\/\/radiostudiow.com.br\/site\/wp-json\/wp\/v2\/comments?post=19586"}],"version-history":[{"count":3,"href":"https:\/\/radiostudiow.com.br\/site\/wp-json\/wp\/v2\/posts\/19586\/revisions"}],"predecessor-version":[{"id":19589,"href":"https:\/\/radiostudiow.com.br\/site\/wp-json\/wp\/v2\/posts\/19586\/revisions\/19589"}],"wp:attachment":[{"href":"https:\/\/radiostudiow.com.br\/site\/wp-json\/wp\/v2\/media?parent=19586"}],"wp:term":[{"taxonomy":"category","embeddable":true,"href":"https:\/\/radiostudiow.com.br\/site\/wp-json\/wp\/v2\/categories?post=19586"},{"taxonomy":"post_tag","embeddable":true,"href":"https:\/\/radiostudiow.com.br\/site\/wp-json\/wp\/v2\/tags?post=19586"}],"curies":[{"name":"wp","href":"https:\/\/api.w.org\/{rel}","templated":true}]}}