{"id":19594,"date":"2024-02-07T14:13:25","date_gmt":"2024-02-07T17:13:25","guid":{"rendered":"https:\/\/radiostudiow.com.br\/site\/?p=19594"},"modified":"2025-01-31T15:02:13","modified_gmt":"2025-01-31T18:02:13","slug":"secretaria-estadual-de-saude-reforca-necessidade-de-doacoes-de-sangue-para-manter-estoque-no-carnaval","status":"publish","type":"post","link":"https:\/\/radiostudiow.com.br\/site\/2024\/02\/07\/secretaria-estadual-de-saude-reforca-necessidade-de-doacoes-de-sangue-para-manter-estoque-no-carnaval\/","title":{"rendered":"Secretaria Estadual de Sa\u00fade refor\u00e7a necessidade de doa\u00e7\u00f5es de sangue para manter estoque no Carnaval"},"content":{"rendered":"\n<p class=\"has-text-align-center\"><strong><em>Estoques diminuem nos feriados, sendo que nestes per\u00edodos aumenta a demanda de 384 hospitais p\u00fablicos, privados e filantr\u00f3picos do Estado, especialmente em fun\u00e7\u00e3o da alta no n\u00famero de traumas. Sa\u00fade convoca paranaenses para que agendem a doa\u00e7\u00e3o.<\/em><\/strong><\/p>\n\n\n\n<figure class=\"wp-block-image size-large\"><img loading=\"lazy\" decoding=\"async\" width=\"1024\" height=\"683\" src=\"https:\/\/radiostudiow.com.br\/site\/wp-content\/uploads\/2024\/02\/image-29-1024x683.png\" alt=\"\" class=\"wp-image-19595\" srcset=\"https:\/\/radiostudiow.com.br\/site\/wp-content\/uploads\/2024\/02\/image-29-1024x683.png 1024w, https:\/\/radiostudiow.com.br\/site\/wp-content\/uploads\/2024\/02\/image-29-300x200.png 300w, https:\/\/radiostudiow.com.br\/site\/wp-content\/uploads\/2024\/02\/image-29-768x512.png 768w, https:\/\/radiostudiow.com.br\/site\/wp-content\/uploads\/2024\/02\/image-29-1536x1024.png 1536w, https:\/\/radiostudiow.com.br\/site\/wp-content\/uploads\/2024\/02\/image-29-2048x1365.png 2048w\" sizes=\"auto, (max-width: 1024px) 100vw, 1024px\" \/><\/figure>\n\n\n\n<figure class=\"wp-block-image size-full\"><img decoding=\"async\" src=\"https:\/\/radiostudiow.com.br\/site\/wp-content\/uploads\/2024\/01\/SITE-GRANDE4.png\" alt=\"\" class=\"wp-image-18920\"\/><\/figure>\n\n\n\n<p>Os estoques de sangue das 22 unidades do Centro de Hematologia e Hemoterapia do Paran\u00e1 (Hemepar) diminuem nos feriados, sendo que nestes per\u00edodos a demanda de 384 hospitais p\u00fablicos, privados e filantr\u00f3picos do Estado aumenta, especialmente em fun\u00e7\u00e3o da alta no n\u00famero de traumas. Para garantir que essa distribui\u00e7\u00e3o se mantenha equilibrada, a Secretaria de Estado da Sa\u00fade (Sesa) refor\u00e7a a necessidade de doa\u00e7\u00f5es de sangue.<\/p>\n\n\n\n<blockquote class=\"wp-block-quote is-layout-flow wp-block-quote-is-layout-flow\">\n<p style=\"font-size:20px\">\u201cHistoricamente a demanda por sangue aumenta nos feriados, devido ao crescimento no n\u00famero de traumas e por isso convocamos os paranaenses, que s\u00e3o sempre solid\u00e1rios \u00e0s causas da sa\u00fade, para que agendem a sua doa\u00e7\u00e3o e ajudem a continuar salvando vidas\u201d<\/p>\n<cite> secret\u00e1rio estadual da Sa\u00fade, Beto Preto.<\/cite><\/blockquote>\n\n\n\n<p><\/p>\n\n\n\n<p>O Hemepar ressalta que, devido \u00e0 validade das bolsas de sangue, e tamb\u00e9m visando um atendimento mais r\u00e1pido, \u00e9 importante que os doadores agendem com anteced\u00eancia. <a href=\"https:\/\/saude.pr.gov.br\/doacao\" data-type=\"link\" data-id=\"https:\/\/saude.pr.gov.br\/doacao\" target=\"_blank\" rel=\"noreferrer noopener\">Esse agendamento pode ser feito online.&nbsp;<\/a><\/p>\n\n\n\n<p><strong>DADOS<\/strong> \u2013 Em 2023, toda a Rede do Hemepar registrou 189.572 doa\u00e7\u00f5es, numa m\u00e9dia de mais de 15,7 mil doa\u00e7\u00f5es por m\u00eas. Este ano, em janeiro, foram registradas 17.515 doa\u00e7\u00f5es, e nos quatro primeiros dias de fevereiro, 2.094.<\/p>\n\n\n\n<blockquote class=\"wp-block-quote is-layout-flow wp-block-quote-is-layout-flow\">\n<p style=\"font-size:20px\">\u201cNo processo de doa\u00e7\u00e3o de sangue s\u00e3o captados em m\u00e9dia 450 ml a 470 ml e cada bolsa pode ser fracionada em at\u00e9 quatro hemocomponentes que s\u00e3o as hem\u00e1cias, plaquetas, plasma e crioprecipitado, que \u00e9 um plasma fresco congelado. Sendo assim, cada bolsa pode ajudar a salvar at\u00e9 quatro vidas\u201d<\/p>\n<cite>diretora do Hemepar, V\u00edvian Patr\u00edcia Raksa.<\/cite><\/blockquote>\n\n\n\n<p><\/p>\n\n\n\n<p><strong>QUEM PODE DOAR<\/strong> \u2013 Para doar \u00e9 preciso ter entre 16 a 69 anos completos, pesar no m\u00ednimo 51 quilos, ter boa sa\u00fade, estar bem alimentado, hidratado e apresentar um documento de identidade com foto. Os homens podem doar sangue a cada dois meses, quatro vezes ao ano. J\u00e1 as mulheres, a cada tr\u00eas meses, numa m\u00e1xima de tr\u00eas doa\u00e7\u00f5es ao ano.<\/p>\n\n\n\n<p><strong>HEMEPAR<\/strong> \u2013 \u00c9 respons\u00e1vel pela coleta, armazenamento, processamento, transfus\u00e3o e distribui\u00e7\u00e3o de sangue para 384 hospitais p\u00fablicos, privados e filantr\u00f3picos que atuam em todas as regi\u00f5es do Paran\u00e1. \u00c9 uma entidade sem fins lucrativos e atende \u00e0 demanda de fornecimento de sangue e hemoderivados do Estado gra\u00e7as \u00e0s doa\u00e7\u00f5es dos volunt\u00e1rios.<\/p>\n\n\n\n<figure class=\"wp-block-image size-full\"><img loading=\"lazy\" decoding=\"async\" width=\"598\" height=\"204\" src=\"https:\/\/radiostudiow.com.br\/site\/wp-content\/uploads\/2024\/01\/SITE-MEDIO.png\" alt=\"\" class=\"wp-image-18916\" srcset=\"https:\/\/radiostudiow.com.br\/site\/wp-content\/uploads\/2024\/01\/SITE-MEDIO.png 598w, https:\/\/radiostudiow.com.br\/site\/wp-content\/uploads\/2024\/01\/SITE-MEDIO-300x102.png 300w\" sizes=\"auto, (max-width: 598px) 100vw, 598px\" \/><\/figure>\n\n\n\n<p>Confira a programa\u00e7\u00e3o das unidades do Hemepar para coleta no feriado:<\/p>\n\n\n\n<p>1\u00aa RS \u2013 Paranagu\u00e1: dias 12 e 13 fechado, dia 14 aberto<\/p>\n\n\n\n<p>2\u00aa RS \u2013 Curitiba: aberto dia 12, 13 e 14<\/p>\n\n\n\n<p>3\u00aa RS \u2013 Ponta Grossa: 12 e 13 fechado, dia 14 aberto<\/p>\n\n\n\n<p><strong>4\u00aa RS \u2013 Irati: 12 e 13 fechado, dia 14 aberto<\/strong><\/p>\n\n\n\n<p>5\u00aa RS \u2013 Guarapuava: 12 e 13 fechado, dia 14 aberto<\/p>\n\n\n\n<p><strong>6\u00aa RS \u2013 Uni\u00e3o da Vit\u00f3ria: 12 e 13 fechado, dia 14 aberto<\/strong><\/p>\n\n\n\n<p>7\u00aa RS \u2013 Pato Branco: 12 e 14 aberto e dia 13 fechado<\/p>\n\n\n\n<p>8\u00aa RS \u2013 Francisco Beltr\u00e3o: 12 e 14 aberto e dia 13 fechado<\/p>\n\n\n\n<p>9\u00aa RS \u2013 Foz do Igua\u00e7u: 12 e 14 aberto e dia 13 fechado<\/p>\n\n\n\n<p>10\u00aa RS \u2013 Cascavel: 12 e 14 aberto e dia 13 fechado<\/p>\n\n\n\n<p>11\u00aa RS \u2013 Campo Mour\u00e3o: 12 e 14 aberto e dia 13 fechado<\/p>\n\n\n\n<p>12\u00aa RS \u2013 Umuarama: 12 e 14 aberto e dia 13 fechado<\/p>\n\n\n\n<p>13\u00aa RS \u2013 Cianorte: 12 e 13 fechado, dia 14 aberto<\/p>\n\n\n\n<p>14\u00aa RS \u2013 Paranava\u00ed: 12 e 14 aberto e dia 13 fechado<\/p>\n\n\n\n<p>15\u00aa RS \u2013 Maring\u00e1: 12 e 13 fechado e dia 14 aberto<\/p>\n\n\n\n<p>16\u00aa RS \u2013 Apucarana: 12 e 14 aberto e dia 13 fechado<\/p>\n\n\n\n<p>17\u00aa RS \u2013 Londrina: 12 e 13 fechado, dia 14 aberto<\/p>\n\n\n\n<p>18\u00aa RS \u2013 Corn\u00e9lio Proc\u00f3pio: 12 e 13 fechado, dia 14 aberto<\/p>\n\n\n\n<p>19\u00aa RS \u2013 Jacarezinho:&nbsp; 12 e 13 fechado, dia 14 aberto<\/p>\n\n\n\n<p>20\u00aa RS \u2013 Toledo: 12, 13 e 14 fechado para coleta<\/p>\n\n\n\n<p>21\u00aa RS \u2013 Tel\u00eamaco Borba: 12 e 13 fechado, dia 14 aberto<\/p>\n\n\n\n<p>22\u00aa RS \u2013 Ivaipor\u00e3: 12, 13 e 14 fechado para coleta<\/p>\n\n\n\n<figure class=\"wp-block-gallery has-nested-images columns-default is-cropped wp-block-gallery-1 is-layout-flex wp-block-gallery-is-layout-flex\">\n<figure class=\"wp-block-image size-large\"><img decoding=\"async\" data-id=\"19268\" src=\"https:\/\/radiostudiow.com.br\/site\/wp-content\/uploads\/2024\/01\/SITE-PEQUENO-1.png\" alt=\"\" class=\"wp-image-19268\"\/><\/figure>\n\n\n\n<figure class=\"wp-block-image size-large\"><img loading=\"lazy\" decoding=\"async\" width=\"300\" height=\"180\" data-id=\"18945\" src=\"https:\/\/radiostudiow.com.br\/site\/wp-content\/uploads\/2024\/01\/SITE-PEQUENO.png\" alt=\"\" class=\"wp-image-18945\"\/><\/figure>\n\n\n\n<figure class=\"wp-block-image size-large\"><img decoding=\"async\" data-id=\"18924\" src=\"https:\/\/radiostudiow.com.br\/site\/wp-content\/uploads\/2024\/01\/SITE-PEQUENO3.png\" alt=\"\" class=\"wp-image-18924\"\/><\/figure>\n<\/figure>\n\n\n\n<p><\/p>\n\n\n\n<p><a href=\"https:\/\/www.aen.pr.gov.br\/Noticia\/Saude-reforca-necessidade-de-doacoes-de-sangue-para-manter-estoque-no-Carnaval\" data-type=\"link\" data-id=\"https:\/\/www.aen.pr.gov.br\/Noticia\/Saude-reforca-necessidade-de-doacoes-de-sangue-para-manter-estoque-no-Carnaval\" target=\"_blank\" rel=\"noreferrer noopener\"><em><strong>Fonte: AG\u00caNCIA ESTADUAL DE NOT\u00cdCIAS<\/strong><\/em><\/a><\/p>\n","protected":false},"excerpt":{"rendered":"<p>Estoques diminuem nos feriados, sendo que nestes per\u00edodos aumenta a demanda de 384 hospitais p\u00fablicos, privados e filantr\u00f3picos do Estado, especialmente em fun\u00e7\u00e3o da alta no n\u00famero de traumas. Sa\u00fade convoca paranaenses para que agendem a doa\u00e7\u00e3o. Os estoques de sangue das 22 unidades do Centro de Hematologia e Hemoterapia do Paran\u00e1 (Hemepar) diminuem nos [&hellip;]<\/p>\n","protected":false},"author":2,"featured_media":19595,"comment_status":"open","ping_status":"open","sticky":false,"template":"","format":"standard","meta":{"footnotes":""},"categories":[185],"tags":[172],"class_list":["post-19594","post","type-post","status-publish","format-standard","has-post-thumbnail","hentry","category-regional","tag-featured"],"amp_enabled":true,"_links":{"self":[{"href":"https:\/\/radiostudiow.com.br\/site\/wp-json\/wp\/v2\/posts\/19594","targetHints":{"allow":["GET"]}}],"collection":[{"href":"https:\/\/radiostudiow.com.br\/site\/wp-json\/wp\/v2\/posts"}],"about":[{"href":"https:\/\/radiostudiow.com.br\/site\/wp-json\/wp\/v2\/types\/post"}],"author":[{"embeddable":true,"href":"https:\/\/radiostudiow.com.br\/site\/wp-json\/wp\/v2\/users\/2"}],"replies":[{"embeddable":true,"href":"https:\/\/radiostudiow.com.br\/site\/wp-json\/wp\/v2\/comments?post=19594"}],"version-history":[{"count":2,"href":"https:\/\/radiostudiow.com.br\/site\/wp-json\/wp\/v2\/posts\/19594\/revisions"}],"predecessor-version":[{"id":19597,"href":"https:\/\/radiostudiow.com.br\/site\/wp-json\/wp\/v2\/posts\/19594\/revisions\/19597"}],"wp:featuredmedia":[{"embeddable":true,"href":"https:\/\/radiostudiow.com.br\/site\/wp-json\/wp\/v2\/media\/19595"}],"wp:attachment":[{"href":"https:\/\/radiostudiow.com.br\/site\/wp-json\/wp\/v2\/media?parent=19594"}],"wp:term":[{"taxonomy":"category","embeddable":true,"href":"https:\/\/radiostudiow.com.br\/site\/wp-json\/wp\/v2\/categories?post=19594"},{"taxonomy":"post_tag","embeddable":true,"href":"https:\/\/radiostudiow.com.br\/site\/wp-json\/wp\/v2\/tags?post=19594"}],"curies":[{"name":"wp","href":"https:\/\/api.w.org\/{rel}","templated":true}]}}