{"id":19598,"date":"2024-02-07T15:26:10","date_gmt":"2024-02-07T18:26:10","guid":{"rendered":"https:\/\/radiostudiow.com.br\/site\/?p=19598"},"modified":"2025-01-31T15:02:13","modified_gmt":"2025-01-31T18:02:13","slug":"carro-cai-em-piscina-desativada-em-uniao-da-vitoria","status":"publish","type":"post","link":"https:\/\/radiostudiow.com.br\/site\/2024\/02\/07\/carro-cai-em-piscina-desativada-em-uniao-da-vitoria\/","title":{"rendered":"Carro cai em piscina desativada em Uni\u00e3o da Vit\u00f3ria"},"content":{"rendered":"\n<p class=\"has-text-align-center\" style=\"font-size:20px\"><strong><em>O acidente ocorreu na tarde de ter\u00e7a-feira e ningu\u00e9m se feriu<\/em><\/strong><\/p>\n\n\n\n<figure class=\"wp-block-image size-full\"><img loading=\"lazy\" decoding=\"async\" width=\"820\" height=\"492\" src=\"https:\/\/radiostudiow.com.br\/site\/wp-content\/uploads\/2024\/02\/image-30.png\" alt=\"\" class=\"wp-image-19599\" srcset=\"https:\/\/radiostudiow.com.br\/site\/wp-content\/uploads\/2024\/02\/image-30.png 820w, https:\/\/radiostudiow.com.br\/site\/wp-content\/uploads\/2024\/02\/image-30-300x180.png 300w, https:\/\/radiostudiow.com.br\/site\/wp-content\/uploads\/2024\/02\/image-30-768x461.png 768w, https:\/\/radiostudiow.com.br\/site\/wp-content\/uploads\/2024\/02\/image-30-590x354.png 590w\" sizes=\"auto, (max-width: 820px) 100vw, 820px\" \/><figcaption class=\"wp-element-caption\"><em>Foto Ilustrativa<\/em><\/figcaption><\/figure>\n\n\n\n<p><\/p>\n\n\n\n<figure class=\"wp-block-image size-full\"><img decoding=\"async\" src=\"https:\/\/radiostudiow.com.br\/site\/wp-content\/uploads\/2022\/04\/AFUBRE-IRATI.jpg\" alt=\"\" class=\"wp-image-7116\"\/><\/figure>\n\n\n\n<p><\/p>\n\n\n\n<p>Por volta das 14h35min desta ter\u00e7a-feira, 06, a equipe da Pol\u00edcia Militar de Uni\u00e3o da Vit\u00f3ria foi acionada para prestar atendimento a uma ocorr\u00eancia de acidente de tr\u00e2nsito em \u00e1rea particular.<\/p>\n\n\n\n<p>No local, bairro S\u00e3o Sebasti\u00e3o, foi entrado em contato com a solicitante, que conforme relato, chegou no local com seu ve\u00edculo e estacionou devidamente o ve\u00edculo pr\u00f3ximo a uma piscina, que estava desativada e vazia, e no momento em que saiu do interior do ve\u00edculo, este come\u00e7ou a descer sozinho vindo a cair no interior da piscina.<\/p>\n\n\n\n<p>A equipe PM constatou danos no referido ve\u00edculo sendo a solicitante devidamente habilitada.<\/p>\n\n\n\n<p><\/p>\n\n\n\n<figure class=\"wp-block-image size-full\"><img loading=\"lazy\" decoding=\"async\" width=\"598\" height=\"204\" src=\"https:\/\/radiostudiow.com.br\/site\/wp-content\/uploads\/2023\/12\/SITE-MEDIO4.png\" alt=\"\" class=\"wp-image-17598\" srcset=\"https:\/\/radiostudiow.com.br\/site\/wp-content\/uploads\/2023\/12\/SITE-MEDIO4.png 598w, https:\/\/radiostudiow.com.br\/site\/wp-content\/uploads\/2023\/12\/SITE-MEDIO4-300x102.png 300w\" sizes=\"auto, (max-width: 598px) 100vw, 598px\" \/><\/figure>\n\n\n\n<p><\/p>\n\n\n\n<p><a href=\"https:\/\/uniaodavitoria.portaldacidade.com\/noticias\/policial\/carro-cai-em-piscina-desativada-em-uniao-da-vitoria-4748\" data-type=\"link\" data-id=\"https:\/\/uniaodavitoria.portaldacidade.com\/noticias\/policial\/carro-cai-em-piscina-desativada-em-uniao-da-vitoria-4748\" target=\"_blank\" rel=\"noreferrer noopener\">Fonte: Portal da Cidade Uni\u00e3o da Vit\u00f3ria<\/a><\/p>\n","protected":false},"excerpt":{"rendered":"<p>O acidente ocorreu na tarde de ter\u00e7a-feira e ningu\u00e9m se feriu Por volta das 14h35min desta ter\u00e7a-feira, 06, a equipe da Pol\u00edcia Militar de Uni\u00e3o da Vit\u00f3ria foi acionada para prestar atendimento a uma ocorr\u00eancia de acidente de tr\u00e2nsito em \u00e1rea particular. No local, bairro S\u00e3o Sebasti\u00e3o, foi entrado em contato com a solicitante, que [&hellip;]<\/p>\n","protected":false},"author":2,"featured_media":19599,"comment_status":"open","ping_status":"open","sticky":false,"template":"","format":"standard","meta":{"footnotes":""},"categories":[185],"tags":[172],"class_list":["post-19598","post","type-post","status-publish","format-standard","has-post-thumbnail","hentry","category-regional","tag-featured"],"amp_enabled":true,"_links":{"self":[{"href":"https:\/\/radiostudiow.com.br\/site\/wp-json\/wp\/v2\/posts\/19598","targetHints":{"allow":["GET"]}}],"collection":[{"href":"https:\/\/radiostudiow.com.br\/site\/wp-json\/wp\/v2\/posts"}],"about":[{"href":"https:\/\/radiostudiow.com.br\/site\/wp-json\/wp\/v2\/types\/post"}],"author":[{"embeddable":true,"href":"https:\/\/radiostudiow.com.br\/site\/wp-json\/wp\/v2\/users\/2"}],"replies":[{"embeddable":true,"href":"https:\/\/radiostudiow.com.br\/site\/wp-json\/wp\/v2\/comments?post=19598"}],"version-history":[{"count":1,"href":"https:\/\/radiostudiow.com.br\/site\/wp-json\/wp\/v2\/posts\/19598\/revisions"}],"predecessor-version":[{"id":19600,"href":"https:\/\/radiostudiow.com.br\/site\/wp-json\/wp\/v2\/posts\/19598\/revisions\/19600"}],"wp:featuredmedia":[{"embeddable":true,"href":"https:\/\/radiostudiow.com.br\/site\/wp-json\/wp\/v2\/media\/19599"}],"wp:attachment":[{"href":"https:\/\/radiostudiow.com.br\/site\/wp-json\/wp\/v2\/media?parent=19598"}],"wp:term":[{"taxonomy":"category","embeddable":true,"href":"https:\/\/radiostudiow.com.br\/site\/wp-json\/wp\/v2\/categories?post=19598"},{"taxonomy":"post_tag","embeddable":true,"href":"https:\/\/radiostudiow.com.br\/site\/wp-json\/wp\/v2\/tags?post=19598"}],"curies":[{"name":"wp","href":"https:\/\/api.w.org\/{rel}","templated":true}]}}