{"id":19605,"date":"2024-02-08T10:28:09","date_gmt":"2024-02-08T13:28:09","guid":{"rendered":"https:\/\/radiostudiow.com.br\/site\/?p=19605"},"modified":"2025-01-31T15:02:13","modified_gmt":"2025-01-31T18:02:13","slug":"sem-dinheiro-hospital-dr-paulo-fortes-de-sao-mateus-do-sul-fecha-as-portas-e-suspende-todos-os-atendimentos","status":"publish","type":"post","link":"https:\/\/radiostudiow.com.br\/site\/2024\/02\/08\/sem-dinheiro-hospital-dr-paulo-fortes-de-sao-mateus-do-sul-fecha-as-portas-e-suspende-todos-os-atendimentos\/","title":{"rendered":"Sem dinheiro, Hospital Dr. Paulo Fortes, de S\u00e3o Mateus do Sul fecha as portas e suspende todos os atendimentos"},"content":{"rendered":"\n<figure class=\"wp-block-image size-large\"><img loading=\"lazy\" decoding=\"async\" width=\"1024\" height=\"502\" src=\"https:\/\/radiostudiow.com.br\/site\/wp-content\/uploads\/2024\/02\/paulo-fortes-1100x539-1-1024x502.jpeg\" alt=\"\" class=\"wp-image-19606\" srcset=\"https:\/\/radiostudiow.com.br\/site\/wp-content\/uploads\/2024\/02\/paulo-fortes-1100x539-1-1024x502.jpeg 1024w, https:\/\/radiostudiow.com.br\/site\/wp-content\/uploads\/2024\/02\/paulo-fortes-1100x539-1-300x147.jpeg 300w, https:\/\/radiostudiow.com.br\/site\/wp-content\/uploads\/2024\/02\/paulo-fortes-1100x539-1-768x376.jpeg 768w, https:\/\/radiostudiow.com.br\/site\/wp-content\/uploads\/2024\/02\/paulo-fortes-1100x539-1.jpeg 1100w\" sizes=\"auto, (max-width: 1024px) 100vw, 1024px\" \/><\/figure>\n\n\n\n<p><em><sub>Hospital Dr. Paulo Fortes, de S\u00e3o Mateus do Sul com as portas fechadas<\/sub><\/em><\/p>\n\n\n\n<p><\/p>\n\n\n\n<figure class=\"wp-block-image size-full\"><img decoding=\"async\" src=\"https:\/\/radiostudiow.com.br\/site\/wp-content\/uploads\/2023\/10\/SITE-GRANDE5.png\" alt=\"\" class=\"wp-image-16372\"\/><\/figure>\n\n\n\n<p><\/p>\n\n\n\n<p>O dia 7 de fevereiro de 2024 ficar\u00e1 marcado por uma das piores not\u00edcias na hist\u00f3ria da Sa\u00fade de S\u00e3o Mateus do Sul. O Hospital e Maternidade Dr. Paulo Fortes comunicou a suspens\u00e3o de atividades ap\u00f3s o Cons\u00f3rcio Intermunicipal de Sa\u00fade do Vale do Igua\u00e7u (Cisvali) romper contrato. Por conta disso, e sem solu\u00e7\u00e3o em esfera municipal ou estadual, ficando sem dinheiro para pagar insumos, funcion\u00e1rios, m\u00e9dicos plantonistas e demais necessidades do dia a dia para manter as portas abertas e o atendimento.<\/p>\n\n\n\n<p>O of\u00edcio 040\/2024, desta quarta-feira (7), informa o Conselho Regional de Medicina (CRM) do Paran\u00e1 sobre a<em><strong> \u201csuspens\u00e3o imediata das atividades\u201d<\/strong><\/em> do Paulo Fortes. Nem para alimentar os pacientes ou comprar insumos para os m\u00e9dicos atenderem, segundo o documento, o hospital tem dinheiro. Tratativas com gestores municipais e estaduais n\u00e3o evolu\u00edram para encontrar uma solu\u00e7\u00e3o e evitar fechar as portas.<\/p>\n\n\n\n<p>Uma reuni\u00e3o extraordin\u00e1ria da diretoria foi realizada na noite desta ter\u00e7a-feira (6). Gastos maiores que entrada de dinheiro, desde 2022 e 2023, deixaram a situa\u00e7\u00e3o financeira com d\u00edvidas acumuladas. O urgente reequil\u00edbrio financeiro dos contratos firmados com o Estado e Cisvali seriam a solu\u00e7\u00e3o, conforme a diretoria. <strong><em>\u201c\u00c9 com pesar que informamos que, no mesmo dia das delibera\u00e7\u00f5es, recebemos o comunicado unilateral de rescis\u00e3o contratual por parte do Cisvali\u201d<\/em><\/strong>, informa a dire\u00e7\u00e3o.<\/p>\n\n\n\n<p>A decis\u00e3o unilateral agravou a situa\u00e7\u00e3o, colocando em risco a continuidade das opera\u00e7\u00f5es do hospital. Deixando o Paulo Fortes sem condi\u00e7\u00f5es de pagar desde plant\u00f5es m\u00e9dicos, como aquisi\u00e7\u00e3o de insumos, servi\u00e7os terceirizados e folha de pagamento. Por conta disso, contratos com m\u00e9dicos e terceirizados precisaram ser encerrados. Enquanto os funcion\u00e1rios colocados em aviso pr\u00e9vio.<\/p>\n\n\n\n<p>A medida tem o objetivo principal de evitar, ainda mais, o agravamento das d\u00edvidas, poss\u00edveis a\u00e7\u00f5es judiciais, civis e trabalhistas. Por conta da falta de recursos para cumprir obriga\u00e7\u00f5es.<\/p>\n\n\n\n<p><\/p>\n\n\n\n<figure class=\"wp-block-image size-full\"><img decoding=\"async\" src=\"https:\/\/radiostudiow.com.br\/site\/wp-content\/uploads\/2024\/01\/SITE-GRANDE.png\" alt=\"\" class=\"wp-image-18949\"\/><\/figure>\n\n\n\n<p><\/p>\n\n\n\n<p><strong>Resposta da Prefeitura<\/strong> &#8211; Dentre outras coisas, a garantia \u00e9 de ningu\u00e9m ficar desamparado ou sem atendimento. Ao passo que a prefeita de S\u00e3o Mateus do Sul, Fernanda Sardanha, cita o suposto uso de <em><strong>\u201cpoliticagem barata para mentiras e para colocar medo na nossa popula\u00e7\u00e3o\u201d<\/strong><\/em>, num v\u00eddeo divulgado logo ap\u00f3s a not\u00edcia do fechamento das portas do Hospital e Maternidade Dr. Paulo Fortes.<\/p>\n\n\n\n<p>Na declara\u00e7\u00e3o, junto de parte da sua equipe de Sa\u00fade, Sardanha deu a garantia de quem todos ser\u00e3o atendidos. Citando para isso contatos pol\u00edticos e uma rede montada para suprir a aus\u00eancia do Hospital. Inclusive, indicando apoio do Hospital e Maternidade Imaculada Concei\u00e7\u00e3o de S\u00e3o Jo\u00e3o do Triunfo para possivelmente encaminhar pacientes de S\u00e3o Mateus do Sul.<\/p>\n\n\n\n<p>A Prefeitura refor\u00e7a estar com todos os seus pagamentos para o Paulo Fortes em dia. Os atendimentos em n\u00edvel hospitalar, segundo essas declara\u00e7\u00f5es feitas, passam pelo Pronto Atendimento que est\u00e1 de portas abertas e estar\u00e1 dando o encaminhamento necess\u00e1rio. Para isso, acordos com hospitais vizinhos estariam estabelecidos.<\/p>\n\n\n\n<p><em><strong>\u201cO nosso rep\u00fadio a toda politicagem suja, usando um fato t\u00e3o s\u00e9rio que ao inv\u00e9s de virem colaborar com a solu\u00e7\u00e3o querem fazer show e n\u00f3s n\u00e3o vamos permitir isso, porque a sa\u00fade do nosso mun\u00edcipe est\u00e1 acima de tudo\u201d<\/strong><\/em>, afirmou a prefeita, esbravejando, no v\u00eddeo supostamente gravado ap\u00f3s a reuni\u00e3o com a equipe, na noite desta quarta-feira (7).<\/p>\n\n\n\n<p>Tamb\u00e9m, citando o trabalho administrativo e jur\u00eddico para solucionar a situa\u00e7\u00e3o. A declara\u00e7\u00e3o parece ser direcionada \u00e0 dire\u00e7\u00e3o do Hospital Dr. Paulo Fortes, diante da afirma\u00e7\u00e3o feita da \u201csuspens\u00e3o imediata das atividades\u201d.<\/p>\n\n\n\n<figure class=\"wp-block-image size-large\"><img loading=\"lazy\" decoding=\"async\" width=\"1024\" height=\"675\" src=\"https:\/\/radiostudiow.com.br\/site\/wp-content\/uploads\/2024\/02\/fernanda-1100x725-1-1024x675.jpg\" alt=\"\" class=\"wp-image-19607\" srcset=\"https:\/\/radiostudiow.com.br\/site\/wp-content\/uploads\/2024\/02\/fernanda-1100x725-1-1024x675.jpg 1024w, https:\/\/radiostudiow.com.br\/site\/wp-content\/uploads\/2024\/02\/fernanda-1100x725-1-300x198.jpg 300w, https:\/\/radiostudiow.com.br\/site\/wp-content\/uploads\/2024\/02\/fernanda-1100x725-1-768x506.jpg 768w, https:\/\/radiostudiow.com.br\/site\/wp-content\/uploads\/2024\/02\/fernanda-1100x725-1.jpg 1100w\" sizes=\"auto, (max-width: 1024px) 100vw, 1024px\" \/><figcaption class=\"wp-element-caption\"><em><sub>Prefeita de S\u00e3o Mateus do Sul, Fernanda Sardanha, em v\u00eddeo resposta a suspens\u00e3o das atividades do hospital<\/sub><\/em><\/figcaption><\/figure>\n\n\n\n<figure class=\"wp-block-image size-full\"><img loading=\"lazy\" decoding=\"async\" width=\"897\" height=\"204\" src=\"https:\/\/radiostudiow.com.br\/site\/wp-content\/uploads\/2024\/01\/SITE-GRANDE3.png\" alt=\"zaions\" class=\"wp-image-18936\" srcset=\"https:\/\/radiostudiow.com.br\/site\/wp-content\/uploads\/2024\/01\/SITE-GRANDE3.png 897w, https:\/\/radiostudiow.com.br\/site\/wp-content\/uploads\/2024\/01\/SITE-GRANDE3-300x68.png 300w, https:\/\/radiostudiow.com.br\/site\/wp-content\/uploads\/2024\/01\/SITE-GRANDE3-768x175.png 768w\" sizes=\"auto, (max-width: 897px) 100vw, 897px\" \/><\/figure>\n\n\n\n<p><\/p>\n\n\n\n<p>Fontes:<\/p>\n\n\n\n<p> <a href=\"https:\/\/portalculturasulfm.com.br\/2024\/02\/sem-dinheiro-hospital-paulo-fortes-fecha-as-portas-e-suspende-todos-os-atendimentos\/\" data-type=\"link\" data-id=\"https:\/\/portalculturasulfm.com.br\/2024\/02\/sem-dinheiro-hospital-paulo-fortes-fecha-as-portas-e-suspende-todos-os-atendimentos\/\" target=\"_blank\" rel=\"noreferrer noopener\">Sem dinheiro, Hospital Dr. Paulo Fortes fecha as portas e suspende todos os atendimentos &#8211; Portal Cultura Sul<\/a> <\/p>\n\n\n\n<p><a href=\"https:\/\/portalculturasulfm.com.br\/2024\/02\/sem-dinheiro-hospital-paulo-fortes-fecha-as-portas-e-suspende-todos-os-atendimentos\/\" data-type=\"link\" data-id=\"https:\/\/portalculturasulfm.com.br\/2024\/02\/sem-dinheiro-hospital-paulo-fortes-fecha-as-portas-e-suspende-todos-os-atendimentos\/\" target=\"_blank\" rel=\"noreferrer noopener\">Prefeitura de S\u00e3o Mateus do Sul garante atendimento na Sa\u00fade e atribui politicagem barata \u00e0 decis\u00e3o do hospital &#8211; Portal Cultura Sul<\/a><\/p>\n\n\n\n<p><\/p>\n","protected":false},"excerpt":{"rendered":"<p>Hospital Dr. Paulo Fortes, de S\u00e3o Mateus do Sul com as portas fechadas O dia 7 de fevereiro de 2024 ficar\u00e1 marcado por uma das piores not\u00edcias na hist\u00f3ria da Sa\u00fade de S\u00e3o Mateus do Sul. O Hospital e Maternidade Dr. Paulo Fortes comunicou a suspens\u00e3o de atividades ap\u00f3s o Cons\u00f3rcio Intermunicipal de Sa\u00fade do [&hellip;]<\/p>\n","protected":false},"author":2,"featured_media":19606,"comment_status":"open","ping_status":"open","sticky":false,"template":"","format":"standard","meta":{"footnotes":""},"categories":[185],"tags":[172],"class_list":["post-19605","post","type-post","status-publish","format-standard","has-post-thumbnail","hentry","category-regional","tag-featured"],"amp_enabled":true,"_links":{"self":[{"href":"https:\/\/radiostudiow.com.br\/site\/wp-json\/wp\/v2\/posts\/19605","targetHints":{"allow":["GET"]}}],"collection":[{"href":"https:\/\/radiostudiow.com.br\/site\/wp-json\/wp\/v2\/posts"}],"about":[{"href":"https:\/\/radiostudiow.com.br\/site\/wp-json\/wp\/v2\/types\/post"}],"author":[{"embeddable":true,"href":"https:\/\/radiostudiow.com.br\/site\/wp-json\/wp\/v2\/users\/2"}],"replies":[{"embeddable":true,"href":"https:\/\/radiostudiow.com.br\/site\/wp-json\/wp\/v2\/comments?post=19605"}],"version-history":[{"count":4,"href":"https:\/\/radiostudiow.com.br\/site\/wp-json\/wp\/v2\/posts\/19605\/revisions"}],"predecessor-version":[{"id":19617,"href":"https:\/\/radiostudiow.com.br\/site\/wp-json\/wp\/v2\/posts\/19605\/revisions\/19617"}],"wp:featuredmedia":[{"embeddable":true,"href":"https:\/\/radiostudiow.com.br\/site\/wp-json\/wp\/v2\/media\/19606"}],"wp:attachment":[{"href":"https:\/\/radiostudiow.com.br\/site\/wp-json\/wp\/v2\/media?parent=19605"}],"wp:term":[{"taxonomy":"category","embeddable":true,"href":"https:\/\/radiostudiow.com.br\/site\/wp-json\/wp\/v2\/categories?post=19605"},{"taxonomy":"post_tag","embeddable":true,"href":"https:\/\/radiostudiow.com.br\/site\/wp-json\/wp\/v2\/tags?post=19605"}],"curies":[{"name":"wp","href":"https:\/\/api.w.org\/{rel}","templated":true}]}}