{"id":19611,"date":"2024-02-08T11:01:59","date_gmt":"2024-02-08T14:01:59","guid":{"rendered":"https:\/\/radiostudiow.com.br\/site\/?p=19611"},"modified":"2025-01-31T15:02:13","modified_gmt":"2025-01-31T18:02:13","slug":"caminhao-de-uniao-da-vitoria-se-envolve-em-acidente-na-br-280-condutor-morreu","status":"publish","type":"post","link":"https:\/\/radiostudiow.com.br\/site\/2024\/02\/08\/caminhao-de-uniao-da-vitoria-se-envolve-em-acidente-na-br-280-condutor-morreu\/","title":{"rendered":"Caminh\u00e3o de Uni\u00e3o da Vit\u00f3ria se envolve em acidente na BR-280, condutor morreu"},"content":{"rendered":"\n<figure class=\"wp-block-image size-full\"><img decoding=\"async\" src=\"https:\/\/radiostudiow.com.br\/site\/wp-content\/uploads\/2024\/01\/SITE-GRANDE2.png\" alt=\"\" class=\"wp-image-18938\"\/><\/figure>\n\n\n\n<p>Na madrugada desta quarta-feira, 7, por volta das 03h30, uma fatalidade aconteceu na regi\u00e3o pr\u00f3xima \u00e0 BR-280, no Km 101, na localidade do Sert\u00e3ozinho.<\/p>\n\n\n\n<p>Um caminh\u00e3o bitrem Mercedes-Benz\/Actros, com placas de Uni\u00e3o da Vit\u00f3ria, saiu da pista, capotou e caiu em uma ribanceira, resultando na morte do motorista de 42 anos.<\/p>\n\n\n\n<p>O resgate foi acionado pela Central de Opera\u00e7\u00f5es do Corpo de Bombeiros e contou com a interven\u00e7\u00e3o do trem de socorro de S\u00e3o Bento do Sul.<\/p>\n\n\n\n<p>O acidente ocorreu na BR-280, entre S\u00e3o Bento do Sul e Corup\u00e1, no quil\u00f4metro 103.<\/p>\n\n\n\n<p>No local, os socorristas se depararam com a cena do caminh\u00e3o tombado e o motorista preso nas ferragens, sem sinais vitais.<\/p>\n\n\n\n<p>A situa\u00e7\u00e3o foi ainda mais complicada devido \u00e0 fia\u00e7\u00e3o el\u00e9trica rompida, o que exigiu a interven\u00e7\u00e3o imediata da Celesc para desligar a energia e permitir a remo\u00e7\u00e3o segura do corpo da v\u00edtima.<\/p>\n\n\n\n<p>A opera\u00e7\u00e3o para retirada do corpo durou horas, sendo conclu\u00edda por volta das 09h. Uma equipe do Instituto Geral de Per\u00edcias (IGP) estava presente para a remo\u00e7\u00e3o do corpo at\u00e9 o Instituto M\u00e9dico Legal (IML).<\/p>\n\n\n\n<figure class=\"wp-block-image size-full\"><img loading=\"lazy\" decoding=\"async\" width=\"598\" height=\"204\" src=\"https:\/\/radiostudiow.com.br\/site\/wp-content\/uploads\/2024\/01\/SITE-MEDIO.png\" alt=\"\" class=\"wp-image-18916\" srcset=\"https:\/\/radiostudiow.com.br\/site\/wp-content\/uploads\/2024\/01\/SITE-MEDIO.png 598w, https:\/\/radiostudiow.com.br\/site\/wp-content\/uploads\/2024\/01\/SITE-MEDIO-300x102.png 300w\" sizes=\"auto, (max-width: 598px) 100vw, 598px\" \/><\/figure>\n\n\n\n<p><\/p>\n\n\n\n<p><a href=\"https:\/\/www.vvale.com.br\/transito\/br-280-caminhao-de-uniao-da-vitoria-se-envolve-em-acidente-condutor-morreu\/\" data-type=\"link\" data-id=\"https:\/\/www.vvale.com.br\/transito\/br-280-caminhao-de-uniao-da-vitoria-se-envolve-em-acidente-condutor-morreu\/\" target=\"_blank\" rel=\"noreferrer noopener\"><em><strong>Fonte: VVale<\/strong><\/em><\/a><\/p>\n","protected":false},"excerpt":{"rendered":"<p>Na madrugada desta quarta-feira, 7, por volta das 03h30, uma fatalidade aconteceu na regi\u00e3o pr\u00f3xima \u00e0 BR-280, no Km 101, na localidade do Sert\u00e3ozinho. Um caminh\u00e3o bitrem Mercedes-Benz\/Actros, com placas de Uni\u00e3o da Vit\u00f3ria, saiu da pista, capotou e caiu em uma ribanceira, resultando na morte do motorista de 42 anos. O resgate foi acionado [&hellip;]<\/p>\n","protected":false},"author":2,"featured_media":19612,"comment_status":"open","ping_status":"open","sticky":false,"template":"","format":"standard","meta":{"footnotes":""},"categories":[185],"tags":[172],"class_list":["post-19611","post","type-post","status-publish","format-standard","has-post-thumbnail","hentry","category-regional","tag-featured"],"amp_enabled":true,"_links":{"self":[{"href":"https:\/\/radiostudiow.com.br\/site\/wp-json\/wp\/v2\/posts\/19611","targetHints":{"allow":["GET"]}}],"collection":[{"href":"https:\/\/radiostudiow.com.br\/site\/wp-json\/wp\/v2\/posts"}],"about":[{"href":"https:\/\/radiostudiow.com.br\/site\/wp-json\/wp\/v2\/types\/post"}],"author":[{"embeddable":true,"href":"https:\/\/radiostudiow.com.br\/site\/wp-json\/wp\/v2\/users\/2"}],"replies":[{"embeddable":true,"href":"https:\/\/radiostudiow.com.br\/site\/wp-json\/wp\/v2\/comments?post=19611"}],"version-history":[{"count":4,"href":"https:\/\/radiostudiow.com.br\/site\/wp-json\/wp\/v2\/posts\/19611\/revisions"}],"predecessor-version":[{"id":19616,"href":"https:\/\/radiostudiow.com.br\/site\/wp-json\/wp\/v2\/posts\/19611\/revisions\/19616"}],"wp:featuredmedia":[{"embeddable":true,"href":"https:\/\/radiostudiow.com.br\/site\/wp-json\/wp\/v2\/media\/19612"}],"wp:attachment":[{"href":"https:\/\/radiostudiow.com.br\/site\/wp-json\/wp\/v2\/media?parent=19611"}],"wp:term":[{"taxonomy":"category","embeddable":true,"href":"https:\/\/radiostudiow.com.br\/site\/wp-json\/wp\/v2\/categories?post=19611"},{"taxonomy":"post_tag","embeddable":true,"href":"https:\/\/radiostudiow.com.br\/site\/wp-json\/wp\/v2\/tags?post=19611"}],"curies":[{"name":"wp","href":"https:\/\/api.w.org\/{rel}","templated":true}]}}