{"id":19618,"date":"2024-02-08T13:56:18","date_gmt":"2024-02-08T16:56:18","guid":{"rendered":"https:\/\/radiostudiow.com.br\/site\/?p=19618"},"modified":"2025-01-31T15:02:13","modified_gmt":"2025-01-31T18:02:13","slug":"em-general-carneiro-homem-e-agredido-enquanto-aguardava-onibus-para-seu-trabalho","status":"publish","type":"post","link":"https:\/\/radiostudiow.com.br\/site\/2024\/02\/08\/em-general-carneiro-homem-e-agredido-enquanto-aguardava-onibus-para-seu-trabalho\/","title":{"rendered":"Em General Carneiro, homem \u00e9 agredido enquanto aguardava \u00f4nibus para seu trabalho"},"content":{"rendered":"\n<figure class=\"wp-block-image size-full\"><img decoding=\"async\" src=\"https:\/\/radiostudiow.com.br\/site\/wp-content\/uploads\/2022\/02\/AFUBRE-IRATI.jpg\" alt=\"\" class=\"wp-image-6019\"\/><\/figure>\n\n\n\n<p><\/p>\n\n\n\n<p>Um incidente de viol\u00eancia foi relatado no Centro de General Carneiro, onde um homem procurou o destacamento da Pol\u00edcia Militar para relatar uma agress\u00e3o que sofreu na manh\u00e3 de quarta-feira, dia 07 de fevereiro, por volta das 10h.<\/p>\n\n\n\n<p>De acordo com o boletim de ocorr\u00eancia, o solicitante estava prestes a embarcar no \u00f4nibus para o trabalho quando foi abordado por um indiv\u00edduo, que desferiu um soco em seu rosto. O motivo por tr\u00e1s dessa agress\u00e3o, conforme relatado pelo solicitante \u00e0 pol\u00edcia, seria ci\u00fames da ex-companheira por parte do agressor.<\/p>\n\n\n\n<p>O homem agredido alega que n\u00e3o possui qualquer relacionamento amoroso com a ex-companheira do autor da agress\u00e3o, enfatizando que ambos seriam apenas amigos. Ele procurou as autoridades policiais para relatar o ocorrido e foi orientado sobre os procedimentos para representa\u00e7\u00e3o dos fatos.<\/p>\n\n\n\n<p><\/p>\n\n\n\n<figure class=\"wp-block-gallery has-nested-images columns-default is-cropped wp-block-gallery-1 is-layout-flex wp-block-gallery-is-layout-flex\">\n<figure class=\"wp-block-image size-full\"><img decoding=\"async\" data-id=\"19268\" src=\"https:\/\/radiostudiow.com.br\/site\/wp-content\/uploads\/2024\/01\/SITE-PEQUENO-1.png\" alt=\"\" class=\"wp-image-19268\"\/><\/figure>\n\n\n\n<figure class=\"wp-block-image size-full\"><img loading=\"lazy\" decoding=\"async\" width=\"300\" height=\"180\" data-id=\"18945\" src=\"https:\/\/radiostudiow.com.br\/site\/wp-content\/uploads\/2024\/01\/SITE-PEQUENO.png\" alt=\"\" class=\"wp-image-18945\"\/><\/figure>\n\n\n\n<figure class=\"wp-block-image size-full\"><img decoding=\"async\" data-id=\"18924\" src=\"https:\/\/radiostudiow.com.br\/site\/wp-content\/uploads\/2024\/01\/SITE-PEQUENO3.png\" alt=\"\" class=\"wp-image-18924\"\/><\/figure>\n<\/figure>\n","protected":false},"excerpt":{"rendered":"<p>Um incidente de viol\u00eancia foi relatado no Centro de General Carneiro, onde um homem procurou o destacamento da Pol\u00edcia Militar para relatar uma agress\u00e3o que sofreu na manh\u00e3 de quarta-feira, dia 07 de fevereiro, por volta das 10h. De acordo com o boletim de ocorr\u00eancia, o solicitante estava prestes a embarcar no \u00f4nibus para o [&hellip;]<\/p>\n","protected":false},"author":2,"featured_media":0,"comment_status":"open","ping_status":"open","sticky":false,"template":"","format":"standard","meta":{"footnotes":""},"categories":[2,185],"tags":[172],"class_list":["post-19618","post","type-post","status-publish","format-standard","hentry","category-policial","category-regional","tag-featured"],"amp_enabled":true,"_links":{"self":[{"href":"https:\/\/radiostudiow.com.br\/site\/wp-json\/wp\/v2\/posts\/19618","targetHints":{"allow":["GET"]}}],"collection":[{"href":"https:\/\/radiostudiow.com.br\/site\/wp-json\/wp\/v2\/posts"}],"about":[{"href":"https:\/\/radiostudiow.com.br\/site\/wp-json\/wp\/v2\/types\/post"}],"author":[{"embeddable":true,"href":"https:\/\/radiostudiow.com.br\/site\/wp-json\/wp\/v2\/users\/2"}],"replies":[{"embeddable":true,"href":"https:\/\/radiostudiow.com.br\/site\/wp-json\/wp\/v2\/comments?post=19618"}],"version-history":[{"count":1,"href":"https:\/\/radiostudiow.com.br\/site\/wp-json\/wp\/v2\/posts\/19618\/revisions"}],"predecessor-version":[{"id":19619,"href":"https:\/\/radiostudiow.com.br\/site\/wp-json\/wp\/v2\/posts\/19618\/revisions\/19619"}],"wp:attachment":[{"href":"https:\/\/radiostudiow.com.br\/site\/wp-json\/wp\/v2\/media?parent=19618"}],"wp:term":[{"taxonomy":"category","embeddable":true,"href":"https:\/\/radiostudiow.com.br\/site\/wp-json\/wp\/v2\/categories?post=19618"},{"taxonomy":"post_tag","embeddable":true,"href":"https:\/\/radiostudiow.com.br\/site\/wp-json\/wp\/v2\/tags?post=19618"}],"curies":[{"name":"wp","href":"https:\/\/api.w.org\/{rel}","templated":true}]}}