{"id":19620,"date":"2024-02-08T15:10:06","date_gmt":"2024-02-08T18:10:06","guid":{"rendered":"https:\/\/radiostudiow.com.br\/site\/?p=19620"},"modified":"2025-01-31T15:02:13","modified_gmt":"2025-01-31T18:02:13","slug":"prf-inicia-operacao-carnaval-2024-no-parana","status":"publish","type":"post","link":"https:\/\/radiostudiow.com.br\/site\/2024\/02\/08\/prf-inicia-operacao-carnaval-2024-no-parana\/","title":{"rendered":"PRF inicia Opera\u00e7\u00e3o Carnaval 2024 no Paran\u00e1"},"content":{"rendered":"\n<p class=\"has-text-align-center\"><strong><em>Opera\u00e7\u00e3o tem o objetivo de reduzir a viol\u00eancia no tr\u00e2nsito nas rodovias federais; canal criado no Paran\u00e1 ajudar\u00e1 o motorista com as condi\u00e7\u00f5es das rodovias federais<\/em><\/strong><\/p>\n\n\n\n<p><\/p>\n\n\n\n<figure class=\"wp-block-image size-full\"><img loading=\"lazy\" decoding=\"async\" width=\"768\" height=\"512\" src=\"https:\/\/radiostudiow.com.br\/site\/wp-content\/uploads\/2024\/02\/8d74af39-e305-46d1-8aa6-6f6826788bd3.jpeg\" alt=\"\" class=\"wp-image-19621\" srcset=\"https:\/\/radiostudiow.com.br\/site\/wp-content\/uploads\/2024\/02\/8d74af39-e305-46d1-8aa6-6f6826788bd3.jpeg 768w, https:\/\/radiostudiow.com.br\/site\/wp-content\/uploads\/2024\/02\/8d74af39-e305-46d1-8aa6-6f6826788bd3-300x200.jpeg 300w\" sizes=\"auto, (max-width: 768px) 100vw, 768px\" \/><\/figure>\n\n\n\n<p><\/p>\n\n\n\n<figure class=\"wp-block-image size-large\"><img decoding=\"async\" src=\"https:\/\/radiostudiow.com.br\/site\/wp-content\/uploads\/2024\/02\/capa-1024x387.jpg\" alt=\"\" class=\"wp-image-19551\"\/><\/figure>\n\n\n\n<p><\/p>\n\n\n\n<p>A Pol\u00edcia Rodovi\u00e1ria Federal (PRF) iniciar\u00e1, \u00e0 0 hora do dia 9 (sexta-feira) a Opera\u00e7\u00e3o Carnaval 2024 no Paran\u00e1. Com seis dias de atividades operacionais, a opera\u00e7\u00e3o terminar\u00e1 \u00e0s 23h59 do dia 14 (quarta-feira de cinzas).<\/p>\n\n\n\n<p>Os objetivos da opera\u00e7\u00e3o s\u00e3o reduzir a viol\u00eancia no tr\u00e2nsito, promover mobilidade nos corredores log\u00edsticos, potencializar a\u00e7\u00f5es de educa\u00e7\u00e3o para o tr\u00e2nsito e intensificar a\u00e7\u00f5es que promovam a livre circula\u00e7\u00e3o durante todo o per\u00edodo da opera\u00e7\u00e3o.<\/p>\n\n\n\n<p>Com efetivo refor\u00e7ado, a PRF direcionar\u00e1 seu foco para as condutas que matam no tr\u00e2nsito, como as ultrapassagens em locais proibidos, a mistura de bebida alco\u00f3lica e dire\u00e7\u00e3o, as velocidades excessivas, o uso do celular, al\u00e9m de um cuidado especial com a utiliza\u00e7\u00e3o do cinto de seguran\u00e7a e dos dispositivos de reten\u00e7\u00e3o para crian\u00e7as. Motociclistas tamb\u00e9m far\u00e3o parte das fiscaliza\u00e7\u00f5es.<\/p>\n\n\n\n<p>A opera\u00e7\u00e3o faz parte do Programa Rodovida, que \u00e9 um esfor\u00e7o em conjunto entre os diversos \u00f3rg\u00e3os e entidades ligados ao tr\u00e2nsito para a redu\u00e7\u00e3o nos \u00edndices de viol\u00eancia no tr\u00e2nsito.<\/p>\n\n\n\n<p style=\"font-size:25px\"><strong>Informa\u00e7\u00f5es em tempo real sobre condi\u00e7\u00f5es das rodovias<\/strong><\/p>\n\n\n\n<p>No Paran\u00e1, um canal no WhatsApp foi lan\u00e7ado com o objetivo de fornecer, em tempo real, informa\u00e7\u00f5es relevantes que impactam diretamente os usu\u00e1rios que transitam pelas rodovias federais no estado, sendo mais uma ferramenta para auxiliar o planejamento de viagens para profissionais, empresas e toda a popula\u00e7\u00e3o. Com foco priorit\u00e1rio em informar interdi\u00e7\u00f5es de pista e lentid\u00e3o de tr\u00e1fego, o canal \u00e9 uma ponte direta entre o setor operacional da PRF e a popula\u00e7\u00e3o.<\/p>\n\n\n\n<p>A ferramenta \u00e9 oferecida de modo gratuito. O Canal da PRF Paran\u00e1 est\u00e1 dispon\u00edvel para ser acessado e seguido clicando aqui ou acessando o link dispon\u00edvel na bio das redes sociais da institui\u00e7\u00e3o (Instagram e Facebook).<\/p>\n\n\n\n<p><\/p>\n\n\n\n<figure class=\"wp-block-image size-full\"><img decoding=\"async\" src=\"https:\/\/radiostudiow.com.br\/site\/wp-content\/uploads\/2024\/01\/SITE-GRANDE4.png\" alt=\"\" class=\"wp-image-18920\"\/><\/figure>\n\n\n\n<p><\/p>\n\n\n\n<p style=\"font-size:25px\"><strong>Restri\u00e7\u00e3o de tr\u00e1fego para trechos rodovi\u00e1rios de pista simples<\/strong><\/p>\n\n\n\n<p>Para melhorar a seguran\u00e7a nas rodovias federais, o tr\u00e1fego de alguns ve\u00edculos de carga ser\u00e1 restringido em rodovias de pista simples. N\u00e3o podem transitar ve\u00edculos ou combina\u00e7\u00f5es de ve\u00edculos, pass\u00edveis ou n\u00e3o de autoriza\u00e7\u00e3o especial de tr\u00e2nsito (AET) ou autoriza\u00e7\u00e3o espec\u00edfica (AE), cujo peso e dimens\u00f5es excedam qualquer um dos seguintes limites:<\/p>\n\n\n\n<p>2,6m de largura; 4,4m de altura; 19,8m de comprimento; 57 toneladas de PBTC.<\/p>\n\n\n\n<p>Datas, hor\u00e1rios e locais:<\/p>\n\n\n\n<p>09\/02\/2024 &#8211; <strong>sexta-feira<\/strong> &#8211; 16:00 \u00e0s 22:00<\/p>\n\n\n\n<p>10\/02\/2024 &#8211; <strong>s\u00e1bado<\/strong> &#8211; 06:00 \u00e0s 12:00<\/p>\n\n\n\n<p>13\/02\/2024 &#8211; <strong>ter\u00e7a-feira<\/strong> &#8211; 16:00 \u00e0s 22:00<\/p>\n\n\n\n<p>14\/02\/2024 &#8211; <strong>quarta-feira<\/strong> &#8211; 06:00 \u00e0s 12:00<\/p>\n\n\n\n<p style=\"font-size:25px\"><strong>Orienta\u00e7\u00f5es para quem vai pegar a estrada<\/strong><\/p>\n\n\n\n<p>Antes de viajar, o motorista deve verificar as condi\u00e7\u00f5es do carro. A manuten\u00e7\u00e3o deve estar em dia, em especial em rela\u00e7\u00e3o aos itens de seguran\u00e7a, como sistema de freios, pneus e sistemas de ilumina\u00e7\u00e3o e sinaliza\u00e7\u00e3o;<\/p>\n\n\n\n<p>A viagem deve ser planejada de modo que o condutor n\u00e3o dirija por mais de quatro horas ininterruptas. Ele deve estar descansado e em condi\u00e7\u00f5es f\u00edsicas e psicol\u00f3gicas para conduzir o ve\u00edculo. Deve haver planejamento para abastecimento e alimenta\u00e7\u00e3o tamb\u00e9m;<\/p>\n\n\n\n<p>O ve\u00edculo s\u00f3 pode levar at\u00e9 a capacidade m\u00e1xima de passageiros. Todos os ocupantes devem usar o cinto de seguran\u00e7a ou, em caso de crian\u00e7as, o dispositivo de reten\u00e7\u00e3o equivalente;<\/p>\n\n\n\n<p>As bagagens devem ser levadas em compartimento pr\u00f3prio, para evitar les\u00f5es em caso de envolvimento em acidentes. Se forem levadas em compartimento de passageiros, elas podem se deslocar e ferir os ocupantes do carro;<\/p>\n\n\n\n<p>Os motoristas devem respeitar a sinaliza\u00e7\u00e3o e legisla\u00e7\u00e3o de tr\u00e2nsito e, em rela\u00e7\u00e3o \u00e0s ultrapassagens, somente realizar a manobra em locais permitidos e quando houver tempo e dist\u00e2ncia para concluir a manobra sem colocar o tr\u00e2nsito em risco. Ressalta-se que ultrapassagens mal realizadas s\u00e3o respons\u00e1veis por um ter\u00e7o das mortes em rodovias federais.<\/p>\n\n\n\n<p>Em caso de chuva, a velocidade deve ser reduzida, os far\u00f3is devem permanecer acesos e a dist\u00e2ncia de seguran\u00e7a entre os ve\u00edculos deve aumentar.<\/p>\n\n\n\n<p><strong>No caso de emerg\u00eancia em rodovias federais, ligue 191.<\/strong><\/p>\n\n\n\n<p><\/p>\n\n\n\n<figure class=\"wp-block-image size-full\"><img loading=\"lazy\" decoding=\"async\" width=\"897\" height=\"204\" src=\"https:\/\/radiostudiow.com.br\/site\/wp-content\/uploads\/2024\/01\/SITE-GRANDE3.png\" alt=\"zaions\" class=\"wp-image-18936\" srcset=\"https:\/\/radiostudiow.com.br\/site\/wp-content\/uploads\/2024\/01\/SITE-GRANDE3.png 897w, https:\/\/radiostudiow.com.br\/site\/wp-content\/uploads\/2024\/01\/SITE-GRANDE3-300x68.png 300w, https:\/\/radiostudiow.com.br\/site\/wp-content\/uploads\/2024\/01\/SITE-GRANDE3-768x175.png 768w\" sizes=\"auto, (max-width: 897px) 100vw, 897px\" \/><\/figure>\n\n\n\n<p><\/p>\n\n\n\n<p><strong><em><a href=\"https:\/\/www.gov.br\/prf\/pt-br\/noticias\/estaduais\/parana\/2024\/fevereiro\/prf-inicia-operacao-carnaval-2024-no-parana#:~:text=A%20Pol%C3%ADcia%20Rodovi%C3%A1ria%20Federal%20(PRF,quarta%2Dfeira%20de%20cinzas).\" data-type=\"link\" data-id=\"https:\/\/www.gov.br\/prf\/pt-br\/noticias\/estaduais\/parana\/2024\/fevereiro\/prf-inicia-operacao-carnaval-2024-no-parana#:~:text=A%20Pol%C3%ADcia%20Rodovi%C3%A1ria%20Federal%20(PRF,quarta%2Dfeira%20de%20cinzas).\" target=\"_blank\" rel=\"noreferrer noopener\">Fonte: PRF<\/a><\/em><\/strong><\/p>\n","protected":false},"excerpt":{"rendered":"<p>Opera\u00e7\u00e3o tem o objetivo de reduzir a viol\u00eancia no tr\u00e2nsito nas rodovias federais; canal criado no Paran\u00e1 ajudar\u00e1 o motorista com as condi\u00e7\u00f5es das rodovias federais A Pol\u00edcia Rodovi\u00e1ria Federal (PRF) iniciar\u00e1, \u00e0 0 hora do dia 9 (sexta-feira) a Opera\u00e7\u00e3o Carnaval 2024 no Paran\u00e1. Com seis dias de atividades operacionais, a opera\u00e7\u00e3o terminar\u00e1 \u00e0s [&hellip;]<\/p>\n","protected":false},"author":2,"featured_media":19621,"comment_status":"open","ping_status":"open","sticky":false,"template":"","format":"standard","meta":{"footnotes":""},"categories":[7],"tags":[172],"class_list":["post-19620","post","type-post","status-publish","format-standard","has-post-thumbnail","hentry","category-geral","tag-featured"],"amp_enabled":true,"_links":{"self":[{"href":"https:\/\/radiostudiow.com.br\/site\/wp-json\/wp\/v2\/posts\/19620","targetHints":{"allow":["GET"]}}],"collection":[{"href":"https:\/\/radiostudiow.com.br\/site\/wp-json\/wp\/v2\/posts"}],"about":[{"href":"https:\/\/radiostudiow.com.br\/site\/wp-json\/wp\/v2\/types\/post"}],"author":[{"embeddable":true,"href":"https:\/\/radiostudiow.com.br\/site\/wp-json\/wp\/v2\/users\/2"}],"replies":[{"embeddable":true,"href":"https:\/\/radiostudiow.com.br\/site\/wp-json\/wp\/v2\/comments?post=19620"}],"version-history":[{"count":1,"href":"https:\/\/radiostudiow.com.br\/site\/wp-json\/wp\/v2\/posts\/19620\/revisions"}],"predecessor-version":[{"id":19622,"href":"https:\/\/radiostudiow.com.br\/site\/wp-json\/wp\/v2\/posts\/19620\/revisions\/19622"}],"wp:featuredmedia":[{"embeddable":true,"href":"https:\/\/radiostudiow.com.br\/site\/wp-json\/wp\/v2\/media\/19621"}],"wp:attachment":[{"href":"https:\/\/radiostudiow.com.br\/site\/wp-json\/wp\/v2\/media?parent=19620"}],"wp:term":[{"taxonomy":"category","embeddable":true,"href":"https:\/\/radiostudiow.com.br\/site\/wp-json\/wp\/v2\/categories?post=19620"},{"taxonomy":"post_tag","embeddable":true,"href":"https:\/\/radiostudiow.com.br\/site\/wp-json\/wp\/v2\/tags?post=19620"}],"curies":[{"name":"wp","href":"https:\/\/api.w.org\/{rel}","templated":true}]}}