{"id":19623,"date":"2024-02-08T16:29:33","date_gmt":"2024-02-08T19:29:33","guid":{"rendered":"https:\/\/radiostudiow.com.br\/site\/?p=19623"},"modified":"2025-01-31T15:02:13","modified_gmt":"2025-01-31T18:02:13","slug":"tres-pessoas-feridas-em-colisao-transversal-entre-motocicletas-na-br-153","status":"publish","type":"post","link":"https:\/\/radiostudiow.com.br\/site\/2024\/02\/08\/tres-pessoas-feridas-em-colisao-transversal-entre-motocicletas-na-br-153\/","title":{"rendered":"Tr\u00eas pessoas feridas em colis\u00e3o transversal entre motocicletas na BR-153"},"content":{"rendered":"\n<figure class=\"wp-block-image size-full\"><img decoding=\"async\" src=\"https:\/\/radiostudiow.com.br\/site\/wp-content\/uploads\/2024\/01\/SITE-GRANDE2.png\" alt=\"\" class=\"wp-image-18938\"\/><\/figure>\n\n\n\n<p><\/p>\n\n\n\n<p>No come\u00e7o da manh\u00e3 de quarta-feira (7), por volta das 6h30, ocorreu uma colis\u00e3o transversal entre duas motocicletas no km 360 da BR 153, trecho entre Rebou\u00e7as e Rio Azul. Tr\u00eas pessoas ficaram feridas.<\/p>\n\n\n\n<p>O acidente envolveu as motocicletas Honda CG Titan, ocupada por piloto e passageira, e uma Honda CG Fan, conduzida por uma mulher, ambas emplacadas em Rio Azul.<\/p>\n\n\n\n<p>Com base na an\u00e1lise das evid\u00eancias materiais identificadas, a Pol\u00edcia Rodovi\u00e1ria Federal constatou que a Honda Titan estava se deslocando no sentido crescente (Rebou\u00e7as\/Rio Azul), enquanto a Honda Fan, se deslocava no sentido decrescente (Rio Azul\/Rebou\u00e7as) quando realizou a convers\u00e3o \u00e0 esquerda cruzando a rodovia para acessar a uma entrada de propriedade particular, ocorrendo a colis\u00e3o transversal entre os ve\u00edculos.<\/p>\n\n\n\n<p>Quando a PRF chegou no local, o SAMU j\u00e1 havia realizado os primeiros atendimentos. Uma das v\u00edtimas foi encaminhada ao hospital Santa Casa em Irati e as outras duas ao hospital S\u00e3o Francisco de Assis em Rio Azul.<\/p>\n\n\n\n<p>Foi realizado o teste etilom\u00e9trico no condutor de Honda Titan, com resultado 0,00 mg\/L. A condutora da Honda Fan est\u00e1 na UTI em estado grave, impossibilitando a realiza\u00e7\u00e3o do teste etilom\u00e9trico.&nbsp;<\/p>\n\n\n\n<p><\/p>\n\n\n\n<figure class=\"wp-block-image size-full\"><img loading=\"lazy\" decoding=\"async\" width=\"598\" height=\"204\" src=\"https:\/\/radiostudiow.com.br\/site\/wp-content\/uploads\/2024\/01\/SITE-MEDIO.png\" alt=\"\" class=\"wp-image-18916\" srcset=\"https:\/\/radiostudiow.com.br\/site\/wp-content\/uploads\/2024\/01\/SITE-MEDIO.png 598w, https:\/\/radiostudiow.com.br\/site\/wp-content\/uploads\/2024\/01\/SITE-MEDIO-300x102.png 300w\" sizes=\"auto, (max-width: 598px) 100vw, 598px\" \/><\/figure>\n\n\n\n<p><a href=\"https:\/\/portalclique.com.br\/noticias\/tres-pessoas-feridas-em-colisao-transversal-entre-motocicletas-na-br-153\/\" data-type=\"link\" data-id=\"https:\/\/portalclique.com.br\/noticias\/tres-pessoas-feridas-em-colisao-transversal-entre-motocicletas-na-br-153\/#gallery\" target=\"_blank\" rel=\"noreferrer noopener\">Fonte: Portal Clique<\/a><\/p>\n","protected":false},"excerpt":{"rendered":"<p>No come\u00e7o da manh\u00e3 de quarta-feira (7), por volta das 6h30, ocorreu uma colis\u00e3o transversal entre duas motocicletas no km 360 da BR 153, trecho entre Rebou\u00e7as e Rio Azul. Tr\u00eas pessoas ficaram feridas. O acidente envolveu as motocicletas Honda CG Titan, ocupada por piloto e passageira, e uma Honda CG Fan, conduzida por uma [&hellip;]<\/p>\n","protected":false},"author":2,"featured_media":19624,"comment_status":"open","ping_status":"open","sticky":false,"template":"","format":"standard","meta":{"footnotes":""},"categories":[185],"tags":[172],"class_list":["post-19623","post","type-post","status-publish","format-standard","has-post-thumbnail","hentry","category-regional","tag-featured"],"amp_enabled":true,"_links":{"self":[{"href":"https:\/\/radiostudiow.com.br\/site\/wp-json\/wp\/v2\/posts\/19623","targetHints":{"allow":["GET"]}}],"collection":[{"href":"https:\/\/radiostudiow.com.br\/site\/wp-json\/wp\/v2\/posts"}],"about":[{"href":"https:\/\/radiostudiow.com.br\/site\/wp-json\/wp\/v2\/types\/post"}],"author":[{"embeddable":true,"href":"https:\/\/radiostudiow.com.br\/site\/wp-json\/wp\/v2\/users\/2"}],"replies":[{"embeddable":true,"href":"https:\/\/radiostudiow.com.br\/site\/wp-json\/wp\/v2\/comments?post=19623"}],"version-history":[{"count":2,"href":"https:\/\/radiostudiow.com.br\/site\/wp-json\/wp\/v2\/posts\/19623\/revisions"}],"predecessor-version":[{"id":19626,"href":"https:\/\/radiostudiow.com.br\/site\/wp-json\/wp\/v2\/posts\/19623\/revisions\/19626"}],"wp:featuredmedia":[{"embeddable":true,"href":"https:\/\/radiostudiow.com.br\/site\/wp-json\/wp\/v2\/media\/19624"}],"wp:attachment":[{"href":"https:\/\/radiostudiow.com.br\/site\/wp-json\/wp\/v2\/media?parent=19623"}],"wp:term":[{"taxonomy":"category","embeddable":true,"href":"https:\/\/radiostudiow.com.br\/site\/wp-json\/wp\/v2\/categories?post=19623"},{"taxonomy":"post_tag","embeddable":true,"href":"https:\/\/radiostudiow.com.br\/site\/wp-json\/wp\/v2\/tags?post=19623"}],"curies":[{"name":"wp","href":"https:\/\/api.w.org\/{rel}","templated":true}]}}