{"id":19633,"date":"2024-02-09T10:59:10","date_gmt":"2024-02-09T13:59:10","guid":{"rendered":"https:\/\/radiostudiow.com.br\/site\/?p=19633"},"modified":"2025-01-31T15:02:13","modified_gmt":"2025-01-31T18:02:13","slug":"mulher-e-ameacada-pela-propria-tia-em-general-carneiro","status":"publish","type":"post","link":"https:\/\/radiostudiow.com.br\/site\/2024\/02\/09\/mulher-e-ameacada-pela-propria-tia-em-general-carneiro\/","title":{"rendered":"Mulher \u00e9 amea\u00e7ada pela pr\u00f3pria tia em General Carneiro"},"content":{"rendered":"\n<figure class=\"wp-block-image size-full\"><img decoding=\"async\" src=\"https:\/\/radiostudiow.com.br\/site\/wp-content\/uploads\/2024\/01\/SITE-GRANDE2.png\" alt=\"\" class=\"wp-image-18938\"\/><\/figure>\n\n\n\n<p><\/p>\n\n\n\n<p>Nesta \u00faltima quinta-feira, 08 de fevereiro, uma mulher compareceu ao Posto Policial Militar de General Carneiro para relatar um incidente alarmante envolvendo mensagens recebidas atrav\u00e9s do aplicativo de comunica\u00e7\u00e3o WhatsApp.<\/p>\n\n\n\n<p>Segundo o boletim de ocorr\u00eancia registrado \u00e0s 13h10, a senhora, cujo nome n\u00e3o foi divulgado, informou \u00e0s autoridades que recebeu mensagens de sua tia, onde a insultava. A situa\u00e7\u00e3o tomou um rumo ainda mais preocupante quando a tia amea\u00e7ou a mulher, afirmando que se a mesma passasse em frente \u00e0 sua resid\u00eancia, seria &#8220;erguida no pau&#8221;.<\/p>\n\n\n\n<p>As mensagens, carregadas de agressividade e amea\u00e7as, levaram a mulher a buscar orienta\u00e7\u00e3o junto \u00e0s autoridades policiais sobre os procedimentos cab\u00edveis diante da situa\u00e7\u00e3o.<\/p>\n\n\n\n<p><\/p>\n\n\n\n<figure class=\"wp-block-image size-full\"><img loading=\"lazy\" decoding=\"async\" width=\"897\" height=\"204\" src=\"https:\/\/radiostudiow.com.br\/site\/wp-content\/uploads\/2024\/01\/SITE-GRANDE3.png\" alt=\"zaions\" class=\"wp-image-18936\" srcset=\"https:\/\/radiostudiow.com.br\/site\/wp-content\/uploads\/2024\/01\/SITE-GRANDE3.png 897w, https:\/\/radiostudiow.com.br\/site\/wp-content\/uploads\/2024\/01\/SITE-GRANDE3-300x68.png 300w, https:\/\/radiostudiow.com.br\/site\/wp-content\/uploads\/2024\/01\/SITE-GRANDE3-768x175.png 768w\" sizes=\"auto, (max-width: 897px) 100vw, 897px\" \/><\/figure>\n","protected":false},"excerpt":{"rendered":"<p>Nesta \u00faltima quinta-feira, 08 de fevereiro, uma mulher compareceu ao Posto Policial Militar de General Carneiro para relatar um incidente alarmante envolvendo mensagens recebidas atrav\u00e9s do aplicativo de comunica\u00e7\u00e3o WhatsApp. Segundo o boletim de ocorr\u00eancia registrado \u00e0s 13h10, a senhora, cujo nome n\u00e3o foi divulgado, informou \u00e0s autoridades que recebeu mensagens de sua tia, onde [&hellip;]<\/p>\n","protected":false},"author":2,"featured_media":0,"comment_status":"open","ping_status":"open","sticky":false,"template":"","format":"standard","meta":{"footnotes":""},"categories":[2,185],"tags":[172],"class_list":["post-19633","post","type-post","status-publish","format-standard","hentry","category-policial","category-regional","tag-featured"],"amp_enabled":true,"_links":{"self":[{"href":"https:\/\/radiostudiow.com.br\/site\/wp-json\/wp\/v2\/posts\/19633","targetHints":{"allow":["GET"]}}],"collection":[{"href":"https:\/\/radiostudiow.com.br\/site\/wp-json\/wp\/v2\/posts"}],"about":[{"href":"https:\/\/radiostudiow.com.br\/site\/wp-json\/wp\/v2\/types\/post"}],"author":[{"embeddable":true,"href":"https:\/\/radiostudiow.com.br\/site\/wp-json\/wp\/v2\/users\/2"}],"replies":[{"embeddable":true,"href":"https:\/\/radiostudiow.com.br\/site\/wp-json\/wp\/v2\/comments?post=19633"}],"version-history":[{"count":1,"href":"https:\/\/radiostudiow.com.br\/site\/wp-json\/wp\/v2\/posts\/19633\/revisions"}],"predecessor-version":[{"id":19634,"href":"https:\/\/radiostudiow.com.br\/site\/wp-json\/wp\/v2\/posts\/19633\/revisions\/19634"}],"wp:attachment":[{"href":"https:\/\/radiostudiow.com.br\/site\/wp-json\/wp\/v2\/media?parent=19633"}],"wp:term":[{"taxonomy":"category","embeddable":true,"href":"https:\/\/radiostudiow.com.br\/site\/wp-json\/wp\/v2\/categories?post=19633"},{"taxonomy":"post_tag","embeddable":true,"href":"https:\/\/radiostudiow.com.br\/site\/wp-json\/wp\/v2\/tags?post=19633"}],"curies":[{"name":"wp","href":"https:\/\/api.w.org\/{rel}","templated":true}]}}