{"id":19657,"date":"2024-02-11T14:05:00","date_gmt":"2024-02-11T17:05:00","guid":{"rendered":"https:\/\/radiostudiow.com.br\/site\/?p=19657"},"modified":"2025-01-31T15:02:13","modified_gmt":"2025-01-31T18:02:13","slug":"saida-de-pista-acaba-em-morte-na-br-153-na-cidade-de-mallet","status":"publish","type":"post","link":"https:\/\/radiostudiow.com.br\/site\/2024\/02\/11\/saida-de-pista-acaba-em-morte-na-br-153-na-cidade-de-mallet\/","title":{"rendered":"SA\u00cdDA DE PISTA ACABA EM MORTE NA BR 153 NA CIDADE DE MALLET"},"content":{"rendered":"\n<figure class=\"wp-block-image size-large\"><img decoding=\"async\" src=\"https:\/\/radiostudiow.com.br\/site\/wp-content\/uploads\/2024\/02\/capa-1024x387.jpg\" alt=\"\" class=\"wp-image-19551\"\/><\/figure>\n\n\n\n<p><\/p>\n\n\n\n<figure class=\"wp-block-image size-full\"><img decoding=\"async\" src=\"https:\/\/radiostudiow.com.br\/site\/wp-content\/uploads\/2024\/01\/SITE-GRANDE.png\" alt=\"\" class=\"wp-image-18949\"\/><\/figure>\n\n\n\n<p><\/p>\n\n\n\n<p>In\u00edcio de semana come\u00e7a com acidente grave pr\u00f3ximo a entrada da Col\u00f4nia D\u00falcio.<\/p>\n\n\n\n<p>Por volta das 06:40 horas da manh\u00e3 deste domingo (11), os Bombeiros Comunit\u00e1rios de Mallet foram acionados para atender a um pedido de socorro de um capotamento envolvendo um ve\u00edculo Renault\/Oroch com placas do Mercosul.<\/p>\n\n\n\n<p>De acordo com informa\u00e7\u00f5es o condutor Andr\u00e9 Luiz Swesson de apenas 49 anos (possivelmente morador da capital Curitiba, mas sem confirma\u00e7\u00e3o), acabou perdendo o controle do autom\u00f3vel ap\u00f3s passar pela entrada da Col\u00f4nia D\u00falcio sentido a cidade de Mallet no km 377 + 800 metros, vindo primeiramente chocar-se com uma \u00e1rvore e na sequ\u00eancia capotar em cima de uma planta\u00e7\u00e3o de soja.<\/p>\n\n\n\n<p>Infelizmente ao chegar no local o Corpo de Bombeiros atrav\u00e9s do Sargento Joaquim Pacholok junto com os Brigadistas Comunit\u00e1rios de Mallet, para realizar os primeiros socorros, se depararam com a v\u00edtima em \u00f3bito.<\/p>\n\n\n\n<p>De imediato foi acionada a PRF (Pol\u00edcia Rodovi\u00e1ria Federal), a Pol\u00edcia Militar onde junto com a Pol\u00edcia Civil e a Criminal\u00edstica realizaram todos os procedimentos necess\u00e1rios para que na sequ\u00eancia o IML (Instituto M\u00e9dico Legal) de Uni\u00e3o da Vit\u00f3ria pudesse recolher o corpo.<\/p>\n\n\n\n<p>Por alguns momentos a rodovia ficou interditada, mas em grande parte da manh\u00e3 apenas meia pista ficou bloqueada.<\/p>\n\n\n\n<p class=\"has-medium-font-size\"><strong>Confira a reportagem em v\u00eddeo feita para a Studio W TV:<\/strong><\/p>\n\n\n\n<figure class=\"wp-block-embed is-type-video is-provider-youtube wp-block-embed-youtube wp-embed-aspect-16-9 wp-has-aspect-ratio\"><div class=\"wp-block-embed__wrapper\">\n<iframe loading=\"lazy\" title=\"W Not\u00edcias - Sa\u00edda de pista acaba em morte na BR-153 na cidade de Mallet\" width=\"740\" height=\"416\" src=\"https:\/\/www.youtube.com\/embed\/lHdzuYT_RL8?feature=oembed\" frameborder=\"0\" allow=\"accelerometer; autoplay; clipboard-write; encrypted-media; gyroscope; picture-in-picture; web-share\" allowfullscreen><\/iframe>\n<\/div><\/figure>\n\n\n\n<p><\/p>\n\n\n\n<figure class=\"wp-block-image size-full\"><img decoding=\"async\" src=\"https:\/\/radiostudiow.com.br\/site\/wp-content\/uploads\/2024\/01\/SITE-GRANDE2.png\" alt=\"\" class=\"wp-image-18938\"\/><\/figure>\n\n\n\n<p><\/p>\n\n\n\n<figure class=\"wp-block-image size-full\"><img loading=\"lazy\" decoding=\"async\" width=\"897\" height=\"204\" src=\"https:\/\/radiostudiow.com.br\/site\/wp-content\/uploads\/2024\/01\/SITE-GRANDE3.png\" alt=\"zaions\" class=\"wp-image-18936\" srcset=\"https:\/\/radiostudiow.com.br\/site\/wp-content\/uploads\/2024\/01\/SITE-GRANDE3.png 897w, https:\/\/radiostudiow.com.br\/site\/wp-content\/uploads\/2024\/01\/SITE-GRANDE3-300x68.png 300w, https:\/\/radiostudiow.com.br\/site\/wp-content\/uploads\/2024\/01\/SITE-GRANDE3-768x175.png 768w\" sizes=\"auto, (max-width: 897px) 100vw, 897px\" \/><\/figure>\n\n\n\n<p><\/p>\n\n\n\n<figure class=\"wp-block-gallery has-nested-images columns-1 wp-block-gallery-1 is-layout-flex wp-block-gallery-is-layout-flex\">\n<figure class=\"wp-block-image size-full\"><img loading=\"lazy\" decoding=\"async\" width=\"1600\" height=\"1200\" data-id=\"19660\" src=\"https:\/\/radiostudiow.com.br\/site\/wp-content\/uploads\/2024\/02\/02-2.jpg\" alt=\"\" class=\"wp-image-19660\" srcset=\"https:\/\/radiostudiow.com.br\/site\/wp-content\/uploads\/2024\/02\/02-2.jpg 1600w, https:\/\/radiostudiow.com.br\/site\/wp-content\/uploads\/2024\/02\/02-2-300x225.jpg 300w, https:\/\/radiostudiow.com.br\/site\/wp-content\/uploads\/2024\/02\/02-2-1024x768.jpg 1024w\" sizes=\"auto, (max-width: 1600px) 100vw, 1600px\" \/><\/figure>\n\n\n\n<figure class=\"wp-block-image size-full\"><img loading=\"lazy\" decoding=\"async\" width=\"1600\" height=\"1200\" data-id=\"19663\" src=\"https:\/\/radiostudiow.com.br\/site\/wp-content\/uploads\/2024\/02\/03.jpg\" alt=\"\" class=\"wp-image-19663\" srcset=\"https:\/\/radiostudiow.com.br\/site\/wp-content\/uploads\/2024\/02\/03.jpg 1600w, https:\/\/radiostudiow.com.br\/site\/wp-content\/uploads\/2024\/02\/03-300x225.jpg 300w, https:\/\/radiostudiow.com.br\/site\/wp-content\/uploads\/2024\/02\/03-1024x768.jpg 1024w\" sizes=\"auto, (max-width: 1600px) 100vw, 1600px\" \/><\/figure>\n\n\n\n<figure class=\"wp-block-image size-full\"><img loading=\"lazy\" decoding=\"async\" width=\"1200\" height=\"1600\" data-id=\"19662\" src=\"https:\/\/radiostudiow.com.br\/site\/wp-content\/uploads\/2024\/02\/04.jpg\" alt=\"\" class=\"wp-image-19662\" srcset=\"https:\/\/radiostudiow.com.br\/site\/wp-content\/uploads\/2024\/02\/04.jpg 1200w, https:\/\/radiostudiow.com.br\/site\/wp-content\/uploads\/2024\/02\/04-225x300.jpg 225w, https:\/\/radiostudiow.com.br\/site\/wp-content\/uploads\/2024\/02\/04-768x1024.jpg 768w\" sizes=\"auto, (max-width: 1200px) 100vw, 1200px\" \/><\/figure>\n\n\n\n<figure class=\"wp-block-image size-full\"><img loading=\"lazy\" decoding=\"async\" width=\"1600\" height=\"1200\" data-id=\"19659\" src=\"https:\/\/radiostudiow.com.br\/site\/wp-content\/uploads\/2024\/02\/05.jpg\" alt=\"\" class=\"wp-image-19659\" srcset=\"https:\/\/radiostudiow.com.br\/site\/wp-content\/uploads\/2024\/02\/05.jpg 1600w, https:\/\/radiostudiow.com.br\/site\/wp-content\/uploads\/2024\/02\/05-300x225.jpg 300w, https:\/\/radiostudiow.com.br\/site\/wp-content\/uploads\/2024\/02\/05-1024x768.jpg 1024w, https:\/\/radiostudiow.com.br\/site\/wp-content\/uploads\/2024\/02\/05-768x576.jpg 768w\" sizes=\"auto, (max-width: 1600px) 100vw, 1600px\" \/><\/figure>\n\n\n\n<figure class=\"wp-block-image size-full\"><img loading=\"lazy\" decoding=\"async\" width=\"1600\" height=\"1200\" data-id=\"19658\" src=\"https:\/\/radiostudiow.com.br\/site\/wp-content\/uploads\/2024\/02\/06.jpg\" alt=\"\" class=\"wp-image-19658\" srcset=\"https:\/\/radiostudiow.com.br\/site\/wp-content\/uploads\/2024\/02\/06.jpg 1600w, https:\/\/radiostudiow.com.br\/site\/wp-content\/uploads\/2024\/02\/06-300x225.jpg 300w, https:\/\/radiostudiow.com.br\/site\/wp-content\/uploads\/2024\/02\/06-1024x768.jpg 1024w, https:\/\/radiostudiow.com.br\/site\/wp-content\/uploads\/2024\/02\/06-768x576.jpg 768w\" sizes=\"auto, (max-width: 1600px) 100vw, 1600px\" \/><\/figure>\n\n\n\n<figure class=\"wp-block-image size-full\"><img loading=\"lazy\" decoding=\"async\" width=\"1600\" height=\"1200\" data-id=\"19661\" src=\"https:\/\/radiostudiow.com.br\/site\/wp-content\/uploads\/2024\/02\/01-1.jpg\" alt=\"\" class=\"wp-image-19661\" srcset=\"https:\/\/radiostudiow.com.br\/site\/wp-content\/uploads\/2024\/02\/01-1.jpg 1600w, https:\/\/radiostudiow.com.br\/site\/wp-content\/uploads\/2024\/02\/01-1-300x225.jpg 300w\" sizes=\"auto, (max-width: 1600px) 100vw, 1600px\" \/><\/figure>\n<\/figure>\n","protected":false},"excerpt":{"rendered":"<p>In\u00edcio de semana come\u00e7a com acidente grave pr\u00f3ximo a entrada da Col\u00f4nia D\u00falcio. Por volta das 06:40 horas da manh\u00e3 deste domingo (11), os Bombeiros Comunit\u00e1rios de Mallet foram acionados para atender a um pedido de socorro de um capotamento envolvendo um ve\u00edculo Renault\/Oroch com placas do Mercosul. De acordo com informa\u00e7\u00f5es o condutor Andr\u00e9 [&hellip;]<\/p>\n","protected":false},"author":2,"featured_media":19661,"comment_status":"open","ping_status":"open","sticky":false,"template":"","format":"standard","meta":{"footnotes":""},"categories":[184],"tags":[172],"class_list":["post-19657","post","type-post","status-publish","format-standard","has-post-thumbnail","hentry","category-local","tag-featured"],"amp_enabled":true,"_links":{"self":[{"href":"https:\/\/radiostudiow.com.br\/site\/wp-json\/wp\/v2\/posts\/19657","targetHints":{"allow":["GET"]}}],"collection":[{"href":"https:\/\/radiostudiow.com.br\/site\/wp-json\/wp\/v2\/posts"}],"about":[{"href":"https:\/\/radiostudiow.com.br\/site\/wp-json\/wp\/v2\/types\/post"}],"author":[{"embeddable":true,"href":"https:\/\/radiostudiow.com.br\/site\/wp-json\/wp\/v2\/users\/2"}],"replies":[{"embeddable":true,"href":"https:\/\/radiostudiow.com.br\/site\/wp-json\/wp\/v2\/comments?post=19657"}],"version-history":[{"count":2,"href":"https:\/\/radiostudiow.com.br\/site\/wp-json\/wp\/v2\/posts\/19657\/revisions"}],"predecessor-version":[{"id":19665,"href":"https:\/\/radiostudiow.com.br\/site\/wp-json\/wp\/v2\/posts\/19657\/revisions\/19665"}],"wp:featuredmedia":[{"embeddable":true,"href":"https:\/\/radiostudiow.com.br\/site\/wp-json\/wp\/v2\/media\/19661"}],"wp:attachment":[{"href":"https:\/\/radiostudiow.com.br\/site\/wp-json\/wp\/v2\/media?parent=19657"}],"wp:term":[{"taxonomy":"category","embeddable":true,"href":"https:\/\/radiostudiow.com.br\/site\/wp-json\/wp\/v2\/categories?post=19657"},{"taxonomy":"post_tag","embeddable":true,"href":"https:\/\/radiostudiow.com.br\/site\/wp-json\/wp\/v2\/tags?post=19657"}],"curies":[{"name":"wp","href":"https:\/\/api.w.org\/{rel}","templated":true}]}}