{"id":19673,"date":"2024-02-12T14:36:35","date_gmt":"2024-02-12T17:36:35","guid":{"rendered":"https:\/\/radiostudiow.com.br\/site\/?p=19673"},"modified":"2025-01-31T15:02:13","modified_gmt":"2025-01-31T18:02:13","slug":"homem-aplica-golpes-de-facao-no-proprio-irmao-e-e-preso-pela-policia-militar","status":"publish","type":"post","link":"https:\/\/radiostudiow.com.br\/site\/2024\/02\/12\/homem-aplica-golpes-de-facao-no-proprio-irmao-e-e-preso-pela-policia-militar\/","title":{"rendered":"HOMEM APLICA GOLPES DE FAC\u00c3O NO PR\u00d3PRIO IRM\u00c3O E \u00c9 PRESO PELA POL\u00cdCIA MILITAR"},"content":{"rendered":"\n<figure class=\"wp-block-image size-full\"><img decoding=\"async\" src=\"https:\/\/radiostudiow.com.br\/site\/wp-content\/uploads\/2024\/01\/SITE-GRANDE4.png\" alt=\"\" class=\"wp-image-18920\"\/><\/figure>\n\n\n\n<p><\/p>\n\n\n\n<p>Esse domingo foi de viol\u00eancia no munic\u00edpio de Cruz Machado.<\/p>\n\n\n\n<p>A Pol\u00edcia Militar foi acionada por volta das 17:00 horas, para verificar uma situa\u00e7\u00e3o de agress\u00e3o onde uma pessoa estava com ferimentos causados por arma branca.<\/p>\n\n\n\n<p>Foi deslocado ao local e ao chegar os policiais avistaram um homem deitado de costas com v\u00e1rios ferimentos no corpo causados por um fac\u00e3o.&nbsp;<\/p>\n\n\n\n<p>Imediatamente, a PM realizou os procedimentos de primeiros socorros, controlando o sangramento e transportando a v\u00edtima com urg\u00eancia at\u00e9 o Hospital Municipal Santa Terezinha.&nbsp;<\/p>\n\n\n\n<p>Enquanto era atendido pelos profissionais da sa\u00fade, relatou aos policiais que seu irm\u00e3o teria sido o respons\u00e1vel pelo ataque e diante do exposto, a equipe partiu em patrulhamento na tentativa de localizar o autor dos fatos, tendo \u00eaxito em abordar o poss\u00edvel agressor em frente a uma resid\u00eancia na mesma rua onde ocorreu a viol\u00eancia.<\/p>\n\n\n\n<p>O indiv\u00edduo foi ent\u00e3o conduzido at\u00e9 o pr\u00f3prio hospital municipal para um exame de integridade f\u00edsica e, posteriormente, encaminhado \u00e0 4\u00aa Subdivis\u00e3o Policial de Uni\u00e3o da Vit\u00f3ria para as provid\u00eancias da autoridade competente.<\/p>\n\n\n\n<p><\/p>\n\n\n\n<figure class=\"wp-block-image size-full\"><img loading=\"lazy\" decoding=\"async\" width=\"598\" height=\"204\" src=\"https:\/\/radiostudiow.com.br\/site\/wp-content\/uploads\/2024\/01\/SITE-MEDIO.png\" alt=\"\" class=\"wp-image-18916\" srcset=\"https:\/\/radiostudiow.com.br\/site\/wp-content\/uploads\/2024\/01\/SITE-MEDIO.png 598w, https:\/\/radiostudiow.com.br\/site\/wp-content\/uploads\/2024\/01\/SITE-MEDIO-300x102.png 300w\" sizes=\"auto, (max-width: 598px) 100vw, 598px\" \/><\/figure>\n","protected":false},"excerpt":{"rendered":"<p>Esse domingo foi de viol\u00eancia no munic\u00edpio de Cruz Machado. A Pol\u00edcia Militar foi acionada por volta das 17:00 horas, para verificar uma situa\u00e7\u00e3o de agress\u00e3o onde uma pessoa estava com ferimentos causados por arma branca. Foi deslocado ao local e ao chegar os policiais avistaram um homem deitado de costas com v\u00e1rios ferimentos no [&hellip;]<\/p>\n","protected":false},"author":2,"featured_media":13773,"comment_status":"open","ping_status":"open","sticky":false,"template":"","format":"standard","meta":{"footnotes":""},"categories":[2,185],"tags":[172],"class_list":["post-19673","post","type-post","status-publish","format-standard","has-post-thumbnail","hentry","category-policial","category-regional","tag-featured"],"amp_enabled":true,"_links":{"self":[{"href":"https:\/\/radiostudiow.com.br\/site\/wp-json\/wp\/v2\/posts\/19673","targetHints":{"allow":["GET"]}}],"collection":[{"href":"https:\/\/radiostudiow.com.br\/site\/wp-json\/wp\/v2\/posts"}],"about":[{"href":"https:\/\/radiostudiow.com.br\/site\/wp-json\/wp\/v2\/types\/post"}],"author":[{"embeddable":true,"href":"https:\/\/radiostudiow.com.br\/site\/wp-json\/wp\/v2\/users\/2"}],"replies":[{"embeddable":true,"href":"https:\/\/radiostudiow.com.br\/site\/wp-json\/wp\/v2\/comments?post=19673"}],"version-history":[{"count":1,"href":"https:\/\/radiostudiow.com.br\/site\/wp-json\/wp\/v2\/posts\/19673\/revisions"}],"predecessor-version":[{"id":19674,"href":"https:\/\/radiostudiow.com.br\/site\/wp-json\/wp\/v2\/posts\/19673\/revisions\/19674"}],"wp:featuredmedia":[{"embeddable":true,"href":"https:\/\/radiostudiow.com.br\/site\/wp-json\/wp\/v2\/media\/13773"}],"wp:attachment":[{"href":"https:\/\/radiostudiow.com.br\/site\/wp-json\/wp\/v2\/media?parent=19673"}],"wp:term":[{"taxonomy":"category","embeddable":true,"href":"https:\/\/radiostudiow.com.br\/site\/wp-json\/wp\/v2\/categories?post=19673"},{"taxonomy":"post_tag","embeddable":true,"href":"https:\/\/radiostudiow.com.br\/site\/wp-json\/wp\/v2\/tags?post=19673"}],"curies":[{"name":"wp","href":"https:\/\/api.w.org\/{rel}","templated":true}]}}