{"id":19681,"date":"2024-02-12T15:57:18","date_gmt":"2024-02-12T18:57:18","guid":{"rendered":"https:\/\/radiostudiow.com.br\/site\/?p=19681"},"modified":"2025-01-31T15:02:12","modified_gmt":"2025-01-31T18:02:12","slug":"propriedade-na-colonia-dulcio-em-mallet-e-alvo-de-furto","status":"publish","type":"post","link":"https:\/\/radiostudiow.com.br\/site\/2024\/02\/12\/propriedade-na-colonia-dulcio-em-mallet-e-alvo-de-furto\/","title":{"rendered":"PROPRIEDADE NA COL\u00d4NIA DULCIO EM MALLET \u00c9 ALVO DE FURTO"},"content":{"rendered":"\n<figure class=\"wp-block-image size-large\"><img decoding=\"async\" src=\"https:\/\/radiostudiow.com.br\/site\/wp-content\/uploads\/2024\/02\/capa-1024x387.jpg\" alt=\"\" class=\"wp-image-19551\"\/><\/figure>\n\n\n\n<p><\/p>\n\n\n\n<p>Na tarde de s\u00e1bado, 10 de fevereiro, por volta das 16h30min, o Pelot\u00e3o da Pol\u00edcia Militar Cabo Abr\u00e3o Kanclarovicz na cidade de Mallet recebeu um chamado do propriet\u00e1rio de uma ch\u00e1cara na localidade de Col\u00f4nia Dulcio, relatando um caso de furto em sua propriedade.<\/p>\n\n\n\n<p>De acordo com o boletim de ocorr\u00eancia, o solicitante informou que sua ch\u00e1cara, que possui uma estufa de fumo, fica fechada durante a semana e que, ao visitar o local na manh\u00e3 de s\u00e1bado, deparou-se com uma cena desoladora. As portas da estufa estavam abertas, os cadeados arrombados e diversos itens foram levados.<\/p>\n\n\n\n<p>Os criminosos agiram de forma seletiva, levando apenas os fios do padr\u00e3o de energia el\u00e9trica e uma boia da caixa d&#8217;\u00e1gua, deixando um rastro de preju\u00edzo e preocupa\u00e7\u00e3o para o propriet\u00e1rio.<\/p>\n\n\n\n<p><\/p>\n\n\n\n<figure class=\"wp-block-image size-full\"><img decoding=\"async\" src=\"https:\/\/radiostudiow.com.br\/site\/wp-content\/uploads\/2023\/08\/image-127.png\" alt=\"\" class=\"wp-image-14660\"\/><\/figure>\n","protected":false},"excerpt":{"rendered":"<p>Na tarde de s\u00e1bado, 10 de fevereiro, por volta das 16h30min, o Pelot\u00e3o da Pol\u00edcia Militar Cabo Abr\u00e3o Kanclarovicz na cidade de Mallet recebeu um chamado do propriet\u00e1rio de uma ch\u00e1cara na localidade de Col\u00f4nia Dulcio, relatando um caso de furto em sua propriedade. De acordo com o boletim de ocorr\u00eancia, o solicitante informou que [&hellip;]<\/p>\n","protected":false},"author":2,"featured_media":17329,"comment_status":"open","ping_status":"open","sticky":false,"template":"","format":"standard","meta":{"footnotes":""},"categories":[184,2],"tags":[172],"class_list":["post-19681","post","type-post","status-publish","format-standard","has-post-thumbnail","hentry","category-local","category-policial","tag-featured"],"amp_enabled":true,"_links":{"self":[{"href":"https:\/\/radiostudiow.com.br\/site\/wp-json\/wp\/v2\/posts\/19681","targetHints":{"allow":["GET"]}}],"collection":[{"href":"https:\/\/radiostudiow.com.br\/site\/wp-json\/wp\/v2\/posts"}],"about":[{"href":"https:\/\/radiostudiow.com.br\/site\/wp-json\/wp\/v2\/types\/post"}],"author":[{"embeddable":true,"href":"https:\/\/radiostudiow.com.br\/site\/wp-json\/wp\/v2\/users\/2"}],"replies":[{"embeddable":true,"href":"https:\/\/radiostudiow.com.br\/site\/wp-json\/wp\/v2\/comments?post=19681"}],"version-history":[{"count":1,"href":"https:\/\/radiostudiow.com.br\/site\/wp-json\/wp\/v2\/posts\/19681\/revisions"}],"predecessor-version":[{"id":19682,"href":"https:\/\/radiostudiow.com.br\/site\/wp-json\/wp\/v2\/posts\/19681\/revisions\/19682"}],"wp:featuredmedia":[{"embeddable":true,"href":"https:\/\/radiostudiow.com.br\/site\/wp-json\/wp\/v2\/media\/17329"}],"wp:attachment":[{"href":"https:\/\/radiostudiow.com.br\/site\/wp-json\/wp\/v2\/media?parent=19681"}],"wp:term":[{"taxonomy":"category","embeddable":true,"href":"https:\/\/radiostudiow.com.br\/site\/wp-json\/wp\/v2\/categories?post=19681"},{"taxonomy":"post_tag","embeddable":true,"href":"https:\/\/radiostudiow.com.br\/site\/wp-json\/wp\/v2\/tags?post=19681"}],"curies":[{"name":"wp","href":"https:\/\/api.w.org\/{rel}","templated":true}]}}