{"id":19751,"date":"2024-02-17T13:58:20","date_gmt":"2024-02-17T16:58:20","guid":{"rendered":"https:\/\/radiostudiow.com.br\/site\/?p=19751"},"modified":"2025-01-31T15:02:12","modified_gmt":"2025-01-31T18:02:12","slug":"prazo-para-veiculos-com-final-de-placa-1-e-2-pagarem-2a-parcela-do-ipva-vence-na-segunda-feira","status":"publish","type":"post","link":"https:\/\/radiostudiow.com.br\/site\/2024\/02\/17\/prazo-para-veiculos-com-final-de-placa-1-e-2-pagarem-2a-parcela-do-ipva-vence-na-segunda-feira\/","title":{"rendered":"Prazo para ve\u00edculos com final de placa 1 e 2 pagarem 2\u00aa parcela do IPVA vence na segunda-feira"},"content":{"rendered":"\n<p class=\"has-text-align-center\" style=\"font-size:25px\"><strong>Ao longo da semana que vem vencem os prazos para os contribuintes que optaram pelo parcelamento em cinco vezes quitarem a segunda quota do imposto, sem acr\u00e9scimo de juros.<\/strong><\/p>\n\n\n\n<p><\/p>\n\n\n\n<figure class=\"wp-block-image size-large\"><img loading=\"lazy\" decoding=\"async\" width=\"1024\" height=\"683\" src=\"https:\/\/radiostudiow.com.br\/site\/wp-content\/uploads\/2024\/02\/01-3-1024x683.jpg\" alt=\"\" class=\"wp-image-19755\" srcset=\"https:\/\/radiostudiow.com.br\/site\/wp-content\/uploads\/2024\/02\/01-3-1024x683.jpg 1024w, https:\/\/radiostudiow.com.br\/site\/wp-content\/uploads\/2024\/02\/01-3-300x200.jpg 300w, https:\/\/radiostudiow.com.br\/site\/wp-content\/uploads\/2024\/02\/01-3-768x512.jpg 768w, https:\/\/radiostudiow.com.br\/site\/wp-content\/uploads\/2024\/02\/01-3-1536x1024.jpg 1536w, https:\/\/radiostudiow.com.br\/site\/wp-content\/uploads\/2024\/02\/01-3-2048x1365.jpg 2048w\" sizes=\"auto, (max-width: 1024px) 100vw, 1024px\" \/><figcaption class=\"wp-element-caption\"><em><sub>Foto: Roberto Dziura Jr.\/AEN<\/sub><\/em><\/figcaption><\/figure>\n\n\n\n<p><\/p>\n\n\n\n<figure class=\"wp-block-image size-large\"><img decoding=\"async\" src=\"https:\/\/radiostudiow.com.br\/site\/wp-content\/uploads\/2024\/02\/capa-1024x387.jpg\" alt=\"\" class=\"wp-image-19551\"\/><\/figure>\n\n\n\n<p><\/p>\n\n\n\n<p>O calend\u00e1rio de vencimento da segunda parcela do Imposto sobre a Propriedade de Ve\u00edculos Automotores (IPVA) de 2024 tem in\u00edcio na pr\u00f3xima segunda-feira (19), informam a Secretaria da Fazenda e a Receita Estadual do Paran\u00e1. Com isso, ao longo da semana que vem vencem os prazos para os contribuintes que optaram pelo parcelamento em cinco vezes quitarem a segunda quota do imposto, sem acr\u00e9scimo de juros.<\/p>\n\n\n\n<p>O contribuinte deve ficar atento \u00e0s datas de vencimento, que variam de acordo com o final da placa do ve\u00edculo. Na segunda-feira, vence o prazo para ve\u00edculos com placas terminadas em 1 e 2.<\/p>\n\n\n\n<p>Assim como j\u00e1 ocorria em anos anteriores, as guias de recolhimento (GR-PR) n\u00e3o s\u00e3o enviadas pelos correios. A Fazenda e a Receita tamb\u00e9m n\u00e3o encaminham boletos por e-mail nem aplicativos de mensagens. Os contribuintes do Paran\u00e1 devem ger\u00e1-las para pagamento por meio dos canais oficiais. Como o Portal IPVA , os aplicativos Servi\u00e7os R\u00e1pidos, da Receita Estadual, e Detran Inteligente, dispon\u00edveis para Android e iOS, ou Portal de Pagamentos de Tributos.<\/p>\n\n\n\n<p class=\"has-medium-font-size\"><strong>OP\u00c7\u00d5ES DE PAGAMENTO<\/strong> \u2013 Uma op\u00e7\u00e3o conveniente para pagamento do IPVA \u00e9 o pix, em que o contribuinte usa o QR Code presente na guia de recolhimento, reconhecido por mais de 800 institui\u00e7\u00f5es financeiras. O pagamento nessa modalidade \u00e9 compensado em at\u00e9 24 horas e pode ser efetuado pelos canais digitais dos bancos, inclusive aqueles que n\u00e3o t\u00eam conv\u00eanio com o Estado.<\/p>\n\n\n\n<p>Al\u00e9m disso, h\u00e1 a op\u00e7\u00e3o de quitar o IPVA com cart\u00e3o de cr\u00e9dito, modalidade que permite o parcelamento em at\u00e9 12 vezes, com cobran\u00e7a de juros pelas emissoras dos cart\u00f5es. A tabela de taxas est\u00e1 dispon\u00edvel AQUI.<\/p>\n\n\n\n<p><\/p>\n\n\n\n<figure class=\"wp-block-image size-full\"><img decoding=\"async\" src=\"https:\/\/radiostudiow.com.br\/site\/wp-content\/uploads\/2024\/02\/bannertijolao.jpg\" alt=\"\" class=\"wp-image-19705\"\/><\/figure>\n\n\n\n<p><\/p>\n\n\n\n<p class=\"has-medium-font-size\"><strong>AL\u00cdQUOTA<\/strong> \u2013 A al\u00edquota do IPVA no Paran\u00e1 \u00e9 fixada em 3,5% sobre o valor venal de carros e motos em geral. Para \u00f4nibus, caminh\u00f5es, ve\u00edculos de carga, de aluguel ou movidos a g\u00e1s natural veicular (GNV), a al\u00edquota \u00e9 de 1%.<\/p>\n\n\n\n<p>S\u00e3o tributados os ve\u00edculos fabricados nos \u00faltimos 20 anos, ou seja, de 2004 em diante. H\u00e1 isen\u00e7\u00e3o para algumas categorias espec\u00edficas, como \u00f4nibus de transporte p\u00fablico, ve\u00edculos de transporte escolar e ve\u00edculo de propriedade de pessoas com defici\u00eancia, entre outros. O IPVA representa uma das principais fontes tribut\u00e1rias do Estado, e 50% de sua arrecada\u00e7\u00e3o \u00e9 destinada aos munic\u00edpios.<\/p>\n\n\n\n<p class=\"has-medium-font-size\"><strong>ATRASO<\/strong> \u2013 A multa \u00e9 de 0,33% ao dia mais juros de mora (de acordo com a taxa Selic). Ap\u00f3s 30 dias de atraso, o percentual \u00e9 fixado em 10% do valor do imposto.<\/p>\n\n\n\n<p class=\"has-medium-font-size\"><br><strong>SITES FALSOS<\/strong> \u2013 A Secretaria da Fazenda alerta os contribuintes sobre a exist\u00eancia de sites falsos relacionados \u00e0 cobran\u00e7a do IPVA. A recomenda\u00e7\u00e3o \u00e9 que as guias de pagamento sejam sempre geradas atrav\u00e9s dos sites oficiais, cujos endere\u00e7os terminam com a extens\u00e3o \u201cpr.gov.br\u201d, ou por meio dos apps da Receita Estadual e do Detran, que oferecem formas seguras de realizar os pagamentos.<\/p>\n\n\n\n<p><\/p>\n\n\n\n<p class=\"has-text-color has-link-color wp-elements-1b0a1c8f0519600ba616b65ec20aae3e\" style=\"color:#ffffff00\">FONTE: Studio W<\/p>\n\n\n\n<p>Confira o calend\u00e1rio da segunda parcela do IPVA 2024, que vence em fevereiro:<\/p>\n\n\n\n<figure class=\"wp-block-image size-large\"><img loading=\"lazy\" decoding=\"async\" width=\"1024\" height=\"576\" src=\"https:\/\/radiostudiow.com.br\/site\/wp-content\/uploads\/2024\/02\/02-3-1024x576.jpg\" alt=\"\" class=\"wp-image-19757\" srcset=\"https:\/\/radiostudiow.com.br\/site\/wp-content\/uploads\/2024\/02\/02-3-1024x576.jpg 1024w, https:\/\/radiostudiow.com.br\/site\/wp-content\/uploads\/2024\/02\/02-3-300x169.jpg 300w, https:\/\/radiostudiow.com.br\/site\/wp-content\/uploads\/2024\/02\/02-3-768x432.jpg 768w, https:\/\/radiostudiow.com.br\/site\/wp-content\/uploads\/2024\/02\/02-3-1536x864.jpg 1536w, https:\/\/radiostudiow.com.br\/site\/wp-content\/uploads\/2024\/02\/02-3.jpg 1920w\" sizes=\"auto, (max-width: 1024px) 100vw, 1024px\" \/><\/figure>\n\n\n\n<p><\/p>\n\n\n\n<figure class=\"wp-block-image size-full\"><img decoding=\"async\" src=\"https:\/\/radiostudiow.com.br\/site\/wp-content\/uploads\/2024\/01\/SITE-GRANDE.png\" alt=\"\" class=\"wp-image-18949\"\/><\/figure>\n\n\n\n<p><\/p>\n\n\n\n<p><a href=\"https:\/\/www.aen.pr.gov.br\/Noticia\/Prazo-para-veiculos-com-final-de-placa-1-e-2-pagarem-2a-parcela-do-IPVA-vence-na-segunda\" data-type=\"link\" data-id=\"https:\/\/www.aen.pr.gov.br\/Noticia\/Prazo-para-veiculos-com-final-de-placa-1-e-2-pagarem-2a-parcela-do-IPVA-vence-na-segunda\" target=\"_blank\" rel=\"noreferrer noopener\">Fonte: Ag\u00eancia Estadual de Not\u00edcias<\/a><\/p>\n","protected":false},"excerpt":{"rendered":"<p>Ao longo da semana que vem vencem os prazos para os contribuintes que optaram pelo parcelamento em cinco vezes quitarem a segunda quota do imposto, sem acr\u00e9scimo de juros. O calend\u00e1rio de vencimento da segunda parcela do Imposto sobre a Propriedade de Ve\u00edculos Automotores (IPVA) de 2024 tem in\u00edcio na pr\u00f3xima segunda-feira (19), informam a [&hellip;]<\/p>\n","protected":false},"author":2,"featured_media":19755,"comment_status":"open","ping_status":"open","sticky":false,"template":"","format":"standard","meta":{"footnotes":""},"categories":[7],"tags":[172],"class_list":["post-19751","post","type-post","status-publish","format-standard","has-post-thumbnail","hentry","category-geral","tag-featured"],"amp_enabled":true,"_links":{"self":[{"href":"https:\/\/radiostudiow.com.br\/site\/wp-json\/wp\/v2\/posts\/19751","targetHints":{"allow":["GET"]}}],"collection":[{"href":"https:\/\/radiostudiow.com.br\/site\/wp-json\/wp\/v2\/posts"}],"about":[{"href":"https:\/\/radiostudiow.com.br\/site\/wp-json\/wp\/v2\/types\/post"}],"author":[{"embeddable":true,"href":"https:\/\/radiostudiow.com.br\/site\/wp-json\/wp\/v2\/users\/2"}],"replies":[{"embeddable":true,"href":"https:\/\/radiostudiow.com.br\/site\/wp-json\/wp\/v2\/comments?post=19751"}],"version-history":[{"count":4,"href":"https:\/\/radiostudiow.com.br\/site\/wp-json\/wp\/v2\/posts\/19751\/revisions"}],"predecessor-version":[{"id":19765,"href":"https:\/\/radiostudiow.com.br\/site\/wp-json\/wp\/v2\/posts\/19751\/revisions\/19765"}],"wp:featuredmedia":[{"embeddable":true,"href":"https:\/\/radiostudiow.com.br\/site\/wp-json\/wp\/v2\/media\/19755"}],"wp:attachment":[{"href":"https:\/\/radiostudiow.com.br\/site\/wp-json\/wp\/v2\/media?parent=19751"}],"wp:term":[{"taxonomy":"category","embeddable":true,"href":"https:\/\/radiostudiow.com.br\/site\/wp-json\/wp\/v2\/categories?post=19751"},{"taxonomy":"post_tag","embeddable":true,"href":"https:\/\/radiostudiow.com.br\/site\/wp-json\/wp\/v2\/tags?post=19751"}],"curies":[{"name":"wp","href":"https:\/\/api.w.org\/{rel}","templated":true}]}}