{"id":19767,"date":"2024-02-17T15:44:15","date_gmt":"2024-02-17T18:44:15","guid":{"rendered":"https:\/\/radiostudiow.com.br\/site\/?p=19767"},"modified":"2024-02-17T16:28:32","modified_gmt":"2024-02-17T19:28:32","slug":"falecimento-do-jovem-moises-colaco-de-26-anos","status":"publish","type":"post","link":"https:\/\/radiostudiow.com.br\/site\/2024\/02\/17\/falecimento-do-jovem-moises-colaco-de-26-anos\/","title":{"rendered":"FALECIMENTO DO JOVEM MOIS\u00c9S COLA\u00c7O DE 25 ANOS"},"content":{"rendered":"\n<p>O Plano assistencial PAX CENTER juntamente com a Studio W, informa com muito pesar o falecimento do jovem Mois\u00e9s Cola\u00e7o de apenas 25 anos de idade.<\/p>\n\n\n\n<p>A TODA FAM\u00cdLIA, QUEREMOS APRESENTAR AS NOSSAS CONDOL\u00caNCIAS MAIS SINCERAS PELO FALECIMENTO DO ENTE QUERIDO.<\/p>\n\n\n\n<p><\/p>\n\n\n\n<figure class=\"wp-block-image size-full\"><img loading=\"lazy\" decoding=\"async\" width=\"598\" height=\"204\" src=\"https:\/\/radiostudiow.com.br\/site\/wp-content\/uploads\/2023\/12\/SITE-MEDIO4.png\" alt=\"\" class=\"wp-image-17598\" srcset=\"https:\/\/radiostudiow.com.br\/site\/wp-content\/uploads\/2023\/12\/SITE-MEDIO4.png 598w, https:\/\/radiostudiow.com.br\/site\/wp-content\/uploads\/2023\/12\/SITE-MEDIO4-300x102.png 300w\" sizes=\"auto, (max-width: 598px) 100vw, 598px\" \/><\/figure>\n","protected":false},"excerpt":{"rendered":"<p>O Plano assistencial PAX CENTER juntamente com a Studio W, informa com muito pesar o falecimento do jovem Mois\u00e9s Cola\u00e7o de apenas 25 anos de idade. A TODA FAM\u00cdLIA, QUEREMOS APRESENTAR AS NOSSAS CONDOL\u00caNCIAS MAIS SINCERAS PELO FALECIMENTO DO ENTE QUERIDO.<\/p>\n","protected":false},"author":2,"featured_media":19768,"comment_status":"open","ping_status":"open","sticky":false,"template":"","format":"standard","meta":{"footnotes":""},"categories":[192],"tags":[172],"class_list":["post-19767","post","type-post","status-publish","format-standard","has-post-thumbnail","hentry","category-nota-de-falecimento","tag-featured"],"amp_enabled":true,"_links":{"self":[{"href":"https:\/\/radiostudiow.com.br\/site\/wp-json\/wp\/v2\/posts\/19767","targetHints":{"allow":["GET"]}}],"collection":[{"href":"https:\/\/radiostudiow.com.br\/site\/wp-json\/wp\/v2\/posts"}],"about":[{"href":"https:\/\/radiostudiow.com.br\/site\/wp-json\/wp\/v2\/types\/post"}],"author":[{"embeddable":true,"href":"https:\/\/radiostudiow.com.br\/site\/wp-json\/wp\/v2\/users\/2"}],"replies":[{"embeddable":true,"href":"https:\/\/radiostudiow.com.br\/site\/wp-json\/wp\/v2\/comments?post=19767"}],"version-history":[{"count":2,"href":"https:\/\/radiostudiow.com.br\/site\/wp-json\/wp\/v2\/posts\/19767\/revisions"}],"predecessor-version":[{"id":19771,"href":"https:\/\/radiostudiow.com.br\/site\/wp-json\/wp\/v2\/posts\/19767\/revisions\/19771"}],"wp:featuredmedia":[{"embeddable":true,"href":"https:\/\/radiostudiow.com.br\/site\/wp-json\/wp\/v2\/media\/19768"}],"wp:attachment":[{"href":"https:\/\/radiostudiow.com.br\/site\/wp-json\/wp\/v2\/media?parent=19767"}],"wp:term":[{"taxonomy":"category","embeddable":true,"href":"https:\/\/radiostudiow.com.br\/site\/wp-json\/wp\/v2\/categories?post=19767"},{"taxonomy":"post_tag","embeddable":true,"href":"https:\/\/radiostudiow.com.br\/site\/wp-json\/wp\/v2\/tags?post=19767"}],"curies":[{"name":"wp","href":"https:\/\/api.w.org\/{rel}","templated":true}]}}