{"id":19878,"date":"2024-02-23T10:21:26","date_gmt":"2024-02-23T13:21:26","guid":{"rendered":"https:\/\/radiostudiow.com.br\/site\/?p=19878"},"modified":"2025-01-31T15:02:11","modified_gmt":"2025-01-31T18:02:11","slug":"parana-registra-84-mil-novos-casos-de-dengue-e-mais-um-obito","status":"publish","type":"post","link":"https:\/\/radiostudiow.com.br\/site\/2024\/02\/23\/parana-registra-84-mil-novos-casos-de-dengue-e-mais-um-obito\/","title":{"rendered":"Paran\u00e1 registra 8,4 mil novos casos de dengue e mais um \u00f3bito"},"content":{"rendered":"\n<p class=\"has-text-align-center has-medium-font-size\"><strong><em>O Estado soma agora 45.930 casos confirmados, 130.107 notifica\u00e7\u00f5es e 16 mortes. O novo \u00f3bito \u00e9 de uma mulher de 64 anos, com comorbidades, residente no munic\u00edpio de Londrina, no Norte do Estado, sede da 17\u00aa Regional de Sa\u00fade.<\/em><\/strong><\/p>\n\n\n\n<p><\/p>\n\n\n\n<figure class=\"wp-block-image size-full\"><img decoding=\"async\" src=\"https:\/\/radiostudiow.com.br\/site\/wp-content\/uploads\/2024\/02\/image-32.png\" alt=\"\" class=\"wp-image-19883\"\/><\/figure>\n\n\n\n<p><\/p>\n\n\n\n<figure class=\"wp-block-image size-large\"><img decoding=\"async\" src=\"https:\/\/radiostudiow.com.br\/site\/wp-content\/uploads\/2024\/02\/capa-1024x387.jpg\" alt=\"\" class=\"wp-image-19551\"\/><\/figure>\n\n\n\n<p><\/p>\n\n\n\n<p>O informe semanal da dengue, divulgado nesta ter\u00e7a-feira (20) pela Secretaria da Sa\u00fade do Paran\u00e1 (Sesa), registrou 8.414 novos casos, 18.960 notifica\u00e7\u00f5es e confirmou mais um \u00f3bito pela doen\u00e7a neste per\u00edodo epidemiol\u00f3gico, que come\u00e7ou a ser monitorado em 30 de julho. O Paran\u00e1 soma agora 45.930 casos confirmados, 130.107 notifica\u00e7\u00f5es e 16 mortes.<\/p>\n\n\n\n<p>O novo \u00f3bito \u00e9 de uma mulher de 64 anos, com comorbidades, residente no munic\u00edpio de Londrina, no Norte do Estado, sede da 17\u00aa Regional de Sa\u00fade de Londrina.<\/p>\n\n\n\n<p>O 24\u00ba Informe Epidemiol\u00f3gico publicado pela Vigil\u00e2ncia Ambiental da Sesa registrou tamb\u00e9m 31.421 casos em investiga\u00e7\u00e3o e 47.323 descartados. Dos 399 munic\u00edpios, 292 apresentaram casos aut\u00f3ctones, quando a doen\u00e7a \u00e9 contra\u00edda localmente, e 389 registraram notifica\u00e7\u00f5es.<\/p>\n\n\n\n<p>As regionais com mais casos confirmados de dengue at\u00e9 ao momento s\u00e3o as de Apucarana (11.518), Cascavel (4.130), Londrina (4.049), Paranava\u00ed (3.964), Ivaipor\u00e3 (3.678) e Maring\u00e1 (3.544). J\u00e1 os munic\u00edpios com o maior n\u00famero de casos s\u00e3o Apucarana (8.179), Londrina (3.252) e Maring\u00e1 (2.066).<\/p>\n\n\n\n<p><strong>CHIKUNGUNYA<\/strong>\u00a0\u2013 O mosquito\u00a0<em>Aedes aegypti\u00a0<\/em>tamb\u00e9m \u00e9 respons\u00e1vel pela transmiss\u00e3o, al\u00e9m da dengue, de zika e chikungunya. Durante este per\u00edodo n\u00e3o houve confirma\u00e7\u00e3o de casos de zika. Em rela\u00e7\u00e3o \u00e0 chikungunya, o documento confirma 567 notifica\u00e7\u00f5es, 63 casos confirmados e nenhum \u00f3bito desde o in\u00edcio do per\u00edodo sazonal.<\/p>\n\n\n\n<p>Assista a entrevista em duas partes da situa\u00e7\u00e3o da Dengue em Mallet exibida no Jornal W Not\u00edcias:<\/p>\n\n\n\n<figure class=\"wp-block-embed is-type-video is-provider-youtube wp-block-embed-youtube wp-embed-aspect-16-9 wp-has-aspect-ratio\"><div class=\"wp-block-embed__wrapper\">\n<iframe loading=\"lazy\" title=\"W Not\u00edcias: Stua\u00e7\u00e3o dos Casos de Dengue na cidade de Mallet\" width=\"740\" height=\"416\" src=\"https:\/\/www.youtube.com\/embed\/GMqMuVIHCvE?feature=oembed\" frameborder=\"0\" allow=\"accelerometer; autoplay; clipboard-write; encrypted-media; gyroscope; picture-in-picture; web-share\" allowfullscreen><\/iframe>\n<\/div><\/figure>\n\n\n\n<figure class=\"wp-block-embed is-type-video is-provider-youtube wp-block-embed-youtube wp-embed-aspect-16-9 wp-has-aspect-ratio\"><div class=\"wp-block-embed__wrapper\">\n<iframe loading=\"lazy\" title=\"W Not\u00edcias: Segunda parte da entevista sobre a situa\u00e7\u00e3o da Dengue na cidade de Mallet\" width=\"740\" height=\"416\" src=\"https:\/\/www.youtube.com\/embed\/27ZkmJ9XeOo?feature=oembed\" frameborder=\"0\" allow=\"accelerometer; autoplay; clipboard-write; encrypted-media; gyroscope; picture-in-picture; web-share\" allowfullscreen><\/iframe>\n<\/div><\/figure>\n\n\n\n<figure class=\"wp-block-image size-full\"><img decoding=\"async\" src=\"https:\/\/radiostudiow.com.br\/site\/wp-content\/uploads\/2024\/02\/bannertijolao.jpg\" alt=\"\" class=\"wp-image-19705\"\/><\/figure>\n\n\n\n<p><\/p>\n\n\n\n<p><strong>O boletim completo pode ser consultado\u00a0<a href=\"https:\/\/www.documentador.pr.gov.br\/documentador\/pub.do?action=d&amp;uuid=@gtf-escriba-sesa@540f7b03-46ec-4cd8-8ac9-15c7a20b9f97&amp;emPg=true\" target=\"_blank\" rel=\"noreferrer noopener\">AQUI<\/a>. Mais informa\u00e7\u00f5es est\u00e3o\u00a0<a href=\"https:\/\/www.dengue.pr.gov.br\/Pagina\/Boletins-da-Dengue\" target=\"_blank\" rel=\"noreferrer noopener\">AQUI<\/a>.<\/strong><\/p>\n\n\n\n<figure class=\"wp-block-image size-full\"><img loading=\"lazy\" decoding=\"async\" width=\"897\" height=\"204\" src=\"https:\/\/radiostudiow.com.br\/site\/wp-content\/uploads\/2024\/01\/SITE-GRANDE3.png\" alt=\"zaions\" class=\"wp-image-18936\" srcset=\"https:\/\/radiostudiow.com.br\/site\/wp-content\/uploads\/2024\/01\/SITE-GRANDE3.png 897w, https:\/\/radiostudiow.com.br\/site\/wp-content\/uploads\/2024\/01\/SITE-GRANDE3-300x68.png 300w, https:\/\/radiostudiow.com.br\/site\/wp-content\/uploads\/2024\/01\/SITE-GRANDE3-768x175.png 768w\" sizes=\"auto, (max-width: 897px) 100vw, 897px\" \/><\/figure>\n\n\n\n<p><\/p>\n\n\n\n<p><a href=\"https:\/\/www.aen.pr.gov.br\/Noticia\/Parana-registra-84-mil-novos-casos-de-dengue-e-mais-um-obito\" data-type=\"link\" data-id=\"https:\/\/www.aen.pr.gov.br\/Noticia\/Parana-registra-84-mil-novos-casos-de-dengue-e-mais-um-obito\">Fonte: Ag\u00eancia Estadual de Not\u00edcias<\/a><\/p>\n\n\n\n<p><\/p>\n\n\n\n<p><\/p>\n\n\n\n<p><\/p>\n","protected":false},"excerpt":{"rendered":"<p>O Estado soma agora 45.930 casos confirmados, 130.107 notifica\u00e7\u00f5es e 16 mortes. O novo \u00f3bito \u00e9 de uma mulher de 64 anos, com comorbidades, residente no munic\u00edpio de Londrina, no Norte do Estado, sede da 17\u00aa Regional de Sa\u00fade. O informe semanal da dengue, divulgado nesta ter\u00e7a-feira (20) pela Secretaria da Sa\u00fade do Paran\u00e1 (Sesa), [&hellip;]<\/p>\n","protected":false},"author":2,"featured_media":0,"comment_status":"open","ping_status":"open","sticky":false,"template":"","format":"standard","meta":{"footnotes":""},"categories":[7],"tags":[172],"class_list":["post-19878","post","type-post","status-publish","format-standard","hentry","category-geral","tag-featured"],"amp_enabled":true,"_links":{"self":[{"href":"https:\/\/radiostudiow.com.br\/site\/wp-json\/wp\/v2\/posts\/19878","targetHints":{"allow":["GET"]}}],"collection":[{"href":"https:\/\/radiostudiow.com.br\/site\/wp-json\/wp\/v2\/posts"}],"about":[{"href":"https:\/\/radiostudiow.com.br\/site\/wp-json\/wp\/v2\/types\/post"}],"author":[{"embeddable":true,"href":"https:\/\/radiostudiow.com.br\/site\/wp-json\/wp\/v2\/users\/2"}],"replies":[{"embeddable":true,"href":"https:\/\/radiostudiow.com.br\/site\/wp-json\/wp\/v2\/comments?post=19878"}],"version-history":[{"count":1,"href":"https:\/\/radiostudiow.com.br\/site\/wp-json\/wp\/v2\/posts\/19878\/revisions"}],"predecessor-version":[{"id":19884,"href":"https:\/\/radiostudiow.com.br\/site\/wp-json\/wp\/v2\/posts\/19878\/revisions\/19884"}],"wp:attachment":[{"href":"https:\/\/radiostudiow.com.br\/site\/wp-json\/wp\/v2\/media?parent=19878"}],"wp:term":[{"taxonomy":"category","embeddable":true,"href":"https:\/\/radiostudiow.com.br\/site\/wp-json\/wp\/v2\/categories?post=19878"},{"taxonomy":"post_tag","embeddable":true,"href":"https:\/\/radiostudiow.com.br\/site\/wp-json\/wp\/v2\/tags?post=19878"}],"curies":[{"name":"wp","href":"https:\/\/api.w.org\/{rel}","templated":true}]}}