{"id":19895,"date":"2024-02-24T10:57:09","date_gmt":"2024-02-24T13:57:09","guid":{"rendered":"https:\/\/radiostudiow.com.br\/site\/?p=19895"},"modified":"2025-01-31T15:02:11","modified_gmt":"2025-01-31T18:02:11","slug":"carro-em-fuga-da-policia-perde-o-controle-e-capota-na-entrada-de-uniao-da-vitoria-o-condutor-acabou-falecendo","status":"publish","type":"post","link":"https:\/\/radiostudiow.com.br\/site\/2024\/02\/24\/carro-em-fuga-da-policia-perde-o-controle-e-capota-na-entrada-de-uniao-da-vitoria-o-condutor-acabou-falecendo\/","title":{"rendered":"Carro em fuga da Pol\u00edcia perde o controle e capota na entrada de Uni\u00e3o da Vit\u00f3ria, o condutor acabou falecendo"},"content":{"rendered":"\n<figure class=\"wp-block-image size-large\"><img decoding=\"async\" src=\"https:\/\/radiostudiow.com.br\/site\/wp-content\/uploads\/2024\/02\/capa-1024x387.jpg\" alt=\"\" class=\"wp-image-19551\"\/><\/figure>\n\n\n\n<p><\/p>\n\n\n\n<p>Uma persegui\u00e7\u00e3o policial a um ve\u00edculo terminou em um grave acidente na entrada de Uni\u00e3o da Vit\u00f3ria. A ocorr\u00eancia foi registrada na manh\u00e3 desta sexta-feira, dia 23 de fevereiro, por volta das 11 horas.<\/p>\n\n\n\n<p>Segundo informa\u00e7\u00f5es, um ve\u00edculo Nissan\/Kicks suspeito de envolvimento em furtos no Rio Grande do Sul se deparou com a Pol\u00edcia e fugiu.<\/p>\n\n\n\n<p>A persegui\u00e7\u00e3o seguiu pela rodovia BR-153 e o motorista em alta velocidade perdeu o controle no viaduto que d\u00e1 acesso a Uni\u00e3o da Vit\u00f3ria e capotou, batendo em um poste.<\/p>\n\n\n\n<p>Conforme a Pol\u00edcia, acredita-se que o carro possivelmente se aproximou de 200 KM\/h no momento que ocorreu o acidente. Ap\u00f3s ser retirado das ferragens, o homem foi socorrido e encaminhado ao hospital, onde n\u00e3o resistiu e foi a \u00f3bito.<\/p>\n\n\n\n<p><\/p>\n\n\n\n<figure class=\"wp-block-image size-full\"><img decoding=\"async\" src=\"https:\/\/radiostudiow.com.br\/site\/wp-content\/uploads\/2024\/02\/bannertijolao.jpg\" alt=\"\" class=\"wp-image-19705\"\/><\/figure>\n\n\n\n<p><\/p>\n\n\n\n<p>O 27\u00ba BPM emitiu uma nota com mais detalhes sobre o ocorrido: \u201cAp\u00f3s repasse de informa\u00e7\u00f5es da Brigada Militar do Rio Grande do Sul e Pol\u00edcia Rodovi\u00e1ria Federal, de ve\u00edculos utilizados em ocorr\u00eancias de furto qualificado na cidade de Passo Fundo\/RS, equipes do 27\u00ba Batalh\u00e3o de Pol\u00edcia Militar do Paran\u00e1, sabendo da rota que os ve\u00edculos estavam tomando, deslocaram para proceder abordagem.<\/p>\n\n\n\n<p>Na ocasi\u00e3o, um ve\u00edculo Chevrolet\/Cruze, declarado como parte do comboio, foi logo abordado e identificado como produto de furto com placas clonadas. Ato cont\u00ednuo, ao tentar interceptar um Nissan\/Kicks, este deu fuga da equipe, e acabou se envolvendo em um acidente no Trevo de acesso ao munic\u00edpio de Uni\u00e3o da Vit\u00f3ria, deixando o condutor em estado grave de sa\u00fade. Neste ve\u00edculo foi poss\u00edvel encontrar diversas pe\u00e7as de j\u00f3ias, certo valor em dinheiro, aparelhos celulares e diversas ferramentas.<\/p>\n\n\n\n<p>&nbsp;Al\u00e9m disso, o ve\u00edculo utilizava placas clonadas, sendo constatado alerta de roubo para o mesmo.<\/p>\n\n\n\n<p>A feminina que conduzia o ve\u00edculo Cruze foi encaminhada \u00e0 4\u00aa SDP para as medidas legais e o masculino que se envolveu no acidente segue hospitalizado.\u201d<\/p>\n\n\n\n<p>De acordo com informa\u00e7\u00f5es do Canal 4, o homem foi identificado como Tiago Jos\u00e9 Dutra, de 34 anos de idade. Ele era natural de Jani\u00f3polis\/PR, mas tinha como endere\u00e7o de moradia o bairro Uberaba, em Curitiba.<\/p>\n\n\n\n<p>Ele \u00e9 suspeito de integrar uma quadrilha especializada, principalmente, na subtra\u00e7\u00e3o de joias de alto valor. Eles estavam seguindo possivelmente para Curitiba ap\u00f3s praticar tr\u00eas furtos a resid\u00eancias no Rio Grande do Sul durante a noite de quinta-feira, dia 22.<\/p>\n\n\n\n<p><a href=\"https:\/\/canal4.tv.br\/2024\/02\/23\/plantao-homem-que-fugiu-da-policia-e-capotou-carro-em-uniao-da-vitoria-morre-no-hospital\/\" data-type=\"link\" data-id=\"https:\/\/canal4.tv.br\/2024\/02\/23\/plantao-homem-que-fugiu-da-policia-e-capotou-carro-em-uniao-da-vitoria-morre-no-hospital\/\">Fonte: Canal 4 TV<\/a><\/p>\n\n\n\n<p><\/p>\n\n\n\n<figure class=\"wp-block-image size-full\"><img decoding=\"async\" src=\"https:\/\/radiostudiow.com.br\/site\/wp-content\/uploads\/2024\/01\/SITE-GRANDE.png\" alt=\"\" class=\"wp-image-18949\"\/><\/figure>\n\n\n\n<p><\/p>\n\n\n\n<figure class=\"wp-block-video\"><video controls src=\"https:\/\/radiostudiow.com.br\/site\/wp-content\/uploads\/2024\/02\/carro-em-fuga-da-Policia-perde-controle-e-capota-na-entrada-de-Uniao-da-Vitoria.mp4\"><\/video><\/figure>\n\n\n\n<figure class=\"wp-block-gallery has-nested-images columns-1 wp-block-gallery-1 is-layout-flex wp-block-gallery-is-layout-flex\">\n<figure class=\"wp-block-image size-full\"><img loading=\"lazy\" decoding=\"async\" width=\"500\" height=\"375\" data-id=\"19897\" src=\"https:\/\/radiostudiow.com.br\/site\/wp-content\/uploads\/2024\/02\/01-10.jpg\" alt=\"\" class=\"wp-image-19897\" srcset=\"https:\/\/radiostudiow.com.br\/site\/wp-content\/uploads\/2024\/02\/01-10.jpg 500w, https:\/\/radiostudiow.com.br\/site\/wp-content\/uploads\/2024\/02\/01-10-300x225.jpg 300w\" sizes=\"auto, (max-width: 500px) 100vw, 500px\" \/><\/figure>\n\n\n\n<figure class=\"wp-block-image size-full\"><img loading=\"lazy\" decoding=\"async\" width=\"500\" height=\"309\" data-id=\"19898\" src=\"https:\/\/radiostudiow.com.br\/site\/wp-content\/uploads\/2024\/02\/02-5.jpg\" alt=\"\" class=\"wp-image-19898\" srcset=\"https:\/\/radiostudiow.com.br\/site\/wp-content\/uploads\/2024\/02\/02-5.jpg 500w, https:\/\/radiostudiow.com.br\/site\/wp-content\/uploads\/2024\/02\/02-5-300x185.jpg 300w\" sizes=\"auto, (max-width: 500px) 100vw, 500px\" \/><\/figure>\n\n\n\n<figure class=\"wp-block-image size-full\"><img loading=\"lazy\" decoding=\"async\" width=\"500\" height=\"309\" data-id=\"19899\" src=\"https:\/\/radiostudiow.com.br\/site\/wp-content\/uploads\/2024\/02\/03-2.jpg\" alt=\"\" class=\"wp-image-19899\" srcset=\"https:\/\/radiostudiow.com.br\/site\/wp-content\/uploads\/2024\/02\/03-2.jpg 500w, https:\/\/radiostudiow.com.br\/site\/wp-content\/uploads\/2024\/02\/03-2-300x185.jpg 300w\" sizes=\"auto, (max-width: 500px) 100vw, 500px\" \/><\/figure>\n\n\n\n<figure class=\"wp-block-image size-full\"><img loading=\"lazy\" decoding=\"async\" width=\"500\" height=\"598\" data-id=\"19896\" src=\"https:\/\/radiostudiow.com.br\/site\/wp-content\/uploads\/2024\/02\/04-2.jpg\" alt=\"\" class=\"wp-image-19896\" srcset=\"https:\/\/radiostudiow.com.br\/site\/wp-content\/uploads\/2024\/02\/04-2.jpg 500w, https:\/\/radiostudiow.com.br\/site\/wp-content\/uploads\/2024\/02\/04-2-251x300.jpg 251w, https:\/\/radiostudiow.com.br\/site\/wp-content\/uploads\/2024\/02\/04-2-150x180.jpg 150w\" sizes=\"auto, (max-width: 500px) 100vw, 500px\" \/><\/figure>\n<\/figure>\n\n\n\n<p><\/p>\n\n\n\n<figure class=\"wp-block-image size-full\"><img decoding=\"async\" src=\"https:\/\/radiostudiow.com.br\/site\/wp-content\/uploads\/2024\/01\/SITE-GRANDE2.png\" alt=\"\" class=\"wp-image-18938\"\/><\/figure>\n\n\n\n<p><\/p>\n\n\n\n<figure class=\"wp-block-image size-full\"><img loading=\"lazy\" decoding=\"async\" width=\"897\" height=\"204\" src=\"https:\/\/radiostudiow.com.br\/site\/wp-content\/uploads\/2024\/01\/SITE-GRANDE3.png\" alt=\"zaions\" class=\"wp-image-18936\" srcset=\"https:\/\/radiostudiow.com.br\/site\/wp-content\/uploads\/2024\/01\/SITE-GRANDE3.png 897w, https:\/\/radiostudiow.com.br\/site\/wp-content\/uploads\/2024\/01\/SITE-GRANDE3-300x68.png 300w, https:\/\/radiostudiow.com.br\/site\/wp-content\/uploads\/2024\/01\/SITE-GRANDE3-768x175.png 768w\" sizes=\"auto, (max-width: 897px) 100vw, 897px\" \/><\/figure>\n","protected":false},"excerpt":{"rendered":"<p>Uma persegui\u00e7\u00e3o policial a um ve\u00edculo terminou em um grave acidente na entrada de Uni\u00e3o da Vit\u00f3ria. A ocorr\u00eancia foi registrada na manh\u00e3 desta sexta-feira, dia 23 de fevereiro, por volta das 11 horas. Segundo informa\u00e7\u00f5es, um ve\u00edculo Nissan\/Kicks suspeito de envolvimento em furtos no Rio Grande do Sul se deparou com a Pol\u00edcia e [&hellip;]<\/p>\n","protected":false},"author":2,"featured_media":19899,"comment_status":"open","ping_status":"open","sticky":false,"template":"","format":"standard","meta":{"footnotes":""},"categories":[7],"tags":[172],"class_list":["post-19895","post","type-post","status-publish","format-standard","has-post-thumbnail","hentry","category-geral","tag-featured"],"amp_enabled":true,"_links":{"self":[{"href":"https:\/\/radiostudiow.com.br\/site\/wp-json\/wp\/v2\/posts\/19895","targetHints":{"allow":["GET"]}}],"collection":[{"href":"https:\/\/radiostudiow.com.br\/site\/wp-json\/wp\/v2\/posts"}],"about":[{"href":"https:\/\/radiostudiow.com.br\/site\/wp-json\/wp\/v2\/types\/post"}],"author":[{"embeddable":true,"href":"https:\/\/radiostudiow.com.br\/site\/wp-json\/wp\/v2\/users\/2"}],"replies":[{"embeddable":true,"href":"https:\/\/radiostudiow.com.br\/site\/wp-json\/wp\/v2\/comments?post=19895"}],"version-history":[{"count":2,"href":"https:\/\/radiostudiow.com.br\/site\/wp-json\/wp\/v2\/posts\/19895\/revisions"}],"predecessor-version":[{"id":19902,"href":"https:\/\/radiostudiow.com.br\/site\/wp-json\/wp\/v2\/posts\/19895\/revisions\/19902"}],"wp:featuredmedia":[{"embeddable":true,"href":"https:\/\/radiostudiow.com.br\/site\/wp-json\/wp\/v2\/media\/19899"}],"wp:attachment":[{"href":"https:\/\/radiostudiow.com.br\/site\/wp-json\/wp\/v2\/media?parent=19895"}],"wp:term":[{"taxonomy":"category","embeddable":true,"href":"https:\/\/radiostudiow.com.br\/site\/wp-json\/wp\/v2\/categories?post=19895"},{"taxonomy":"post_tag","embeddable":true,"href":"https:\/\/radiostudiow.com.br\/site\/wp-json\/wp\/v2\/tags?post=19895"}],"curies":[{"name":"wp","href":"https:\/\/api.w.org\/{rel}","templated":true}]}}