{"id":19907,"date":"2024-02-24T12:44:09","date_gmt":"2024-02-24T15:44:09","guid":{"rendered":"https:\/\/radiostudiow.com.br\/site\/?p=19907"},"modified":"2025-01-31T15:02:10","modified_gmt":"2025-01-31T18:02:10","slug":"parana-recebe-primeiro-lote-de-vacinas-contra-a-dengue-para-atender-30-municipios","status":"publish","type":"post","link":"https:\/\/radiostudiow.com.br\/site\/2024\/02\/24\/parana-recebe-primeiro-lote-de-vacinas-contra-a-dengue-para-atender-30-municipios\/","title":{"rendered":"Paran\u00e1 recebe primeiro lote de vacinas contra a dengue para atender 30 munic\u00edpios"},"content":{"rendered":"\n<figure class=\"wp-block-image size-full\"><img decoding=\"async\" src=\"https:\/\/radiostudiow.com.br\/site\/wp-content\/uploads\/2024\/01\/SITE-GRANDE2.png\" alt=\"\" class=\"wp-image-18938\"\/><\/figure>\n\n\n\n<p><\/p>\n\n\n\n<p>O Paran\u00e1 recebeu nesta quinta-feira (22) o primeiro lote de vacinas contra a dengue, enviado pelo Minist\u00e9rio da Sa\u00fade. A remessa com 35.025 doses do imunizante Qdenga, produzido pela farmac\u00eautica Takeda, teve seu envio antecipado ap\u00f3s di\u00e1logos das secretarias estaduais com a pasta federal. Ao todo ser\u00e3o encaminhadas 523.005 vacinas para os estados. A entrega tamb\u00e9m vai contemplar Bahia, Tocantins, Rio de Janeiro, Goi\u00e1s, Mato Grosso do Sul, Roraima, Esp\u00edrito Santo, Minas Gerais e Santa Catarina.<\/p>\n\n\n\n<p>A descentraliza\u00e7\u00e3o das vacinas come\u00e7aram nesta quinta e foi conclu\u00edda na sexta-feira (23) para 21 munic\u00edpios da 17\u00aa Regional de Sa\u00fade de Londrina e nove da 9\u00aa RS de Foz do Igua\u00e7u, de acordo com a orienta\u00e7\u00e3o da Uni\u00e3o, por meio da Nota T\u00e9cnica 14\/2024 .&nbsp;<\/p>\n\n\n\n<p>Os contemplados s\u00e3o Londrina, Camb\u00e9, Rol\u00e2ndia, Jaguapit\u00e3, Ibipor\u00e3, Florest\u00f3polis, Bela Vista do Para\u00edso, Jataizinho, Primeiro de Maio, Sertan\u00f3polis, Tamarana, Porecatu, Assa\u00ed, Miraselva, Lupion\u00f3polis, Guaraci, Centen\u00e1rio do Sul, Alvorada do Sul, Pitangueiras, Prado Ferreira, Cafeara, Foz do Igua\u00e7u, Medianeira, S\u00e3o Miguel do Igua\u00e7u, Santa Terezinha de Itaipu, Missal, Itaipul\u00e2ndia, Matel\u00e2ndia, Serran\u00f3polis do Igua\u00e7u e Ramil\u00e2ndia.&nbsp;<\/p>\n\n\n\n<p>A faixa et\u00e1ria definida como priorit\u00e1ria para a imuniza\u00e7\u00e3o \u00e9 de crian\u00e7as de 10 a 14 anos, e o Minist\u00e9rio da Sa\u00fade recomenda que a aplica\u00e7\u00e3o seja iniciada para as idades de 10 a 11 anos. O protocolo de vacina\u00e7\u00e3o requer duas doses, com um intervalo de 90 dias entre elas. As vacinas destinadas para aplica\u00e7\u00e3o da segunda dose ser\u00e3o enviadas posteriormente.<\/p>\n\n\n\n<p><\/p>\n\n\n\n<figure class=\"wp-block-image size-full\"><img decoding=\"async\" src=\"https:\/\/radiostudiow.com.br\/site\/wp-content\/uploads\/2024\/02\/bannertijolao.jpg\" alt=\"\" class=\"wp-image-19705\"\/><\/figure>\n\n\n\n<p><\/p>\n\n\n\n<p>A vacina possui v\u00edrus vivos da dengue que foram enfraquecidos de maneira controlada. Essa abordagem possibilita o desencadeamento de uma resposta imunol\u00f3gica, o que facilita uma rea\u00e7\u00e3o mais r\u00e1pida do organismo em situa\u00e7\u00f5es de exposi\u00e7\u00e3o real ao v\u00edrus.<\/p>\n\n\n\n<p>\u201cA chegada da vacina \u00e9 um ponto importante em nosso combate pela redu\u00e7\u00e3o do n\u00famero de casos confirmados e mortes pela dengue. V\u00ednhamos dialogando com o minist\u00e9rio para conseguir o envio dessas doses o quanto antes, e agradecemos essa sensibiliza\u00e7\u00e3o pelo pedido. Mas seguimos ressaltando a necessidade de uma amplia\u00e7\u00e3o no processo de distribui\u00e7\u00e3o de doses ao Paran\u00e1 e tamb\u00e9m dos cuidados que s\u00e3o comuns a todos, principalmente com \u00e1gua parada\u201d, comentou o secret\u00e1rio de Estado da Sa\u00fade, Beto Preto.<\/p>\n\n\n\n<p><a href=\"https:\/\/www.saude.pr.gov.br\/Noticia\/Parana-recebe-primeiro-lote-de-vacinas-contra-dengue-para-atender-30-municipios\" data-type=\"link\" data-id=\"https:\/\/www.saude.pr.gov.br\/Noticia\/Parana-recebe-primeiro-lote-de-vacinas-contra-dengue-para-atender-30-municipios\">Fonte: Secretaria Estadual de Sa\u00fade do Paran\u00e1<\/a><\/p>\n\n\n\n<figure class=\"wp-block-image size-full\"><img decoding=\"async\" src=\"https:\/\/radiostudiow.com.br\/site\/wp-content\/uploads\/2023\/08\/image-127.png\" alt=\"\" class=\"wp-image-14660\"\/><\/figure>\n\n\n\n<p><\/p>\n\n\n\n<p><\/p>\n\n\n\n<figure class=\"wp-block-gallery has-nested-images columns-default is-cropped wp-block-gallery-1 is-layout-flex wp-block-gallery-is-layout-flex\">\n<figure class=\"wp-block-image size-large\"><img decoding=\"async\" data-id=\"19268\" src=\"https:\/\/radiostudiow.com.br\/site\/wp-content\/uploads\/2024\/01\/SITE-PEQUENO-1.png\" alt=\"\" class=\"wp-image-19268\"\/><\/figure>\n\n\n\n<figure class=\"wp-block-image size-large\"><img loading=\"lazy\" decoding=\"async\" width=\"300\" height=\"180\" data-id=\"18945\" src=\"https:\/\/radiostudiow.com.br\/site\/wp-content\/uploads\/2024\/01\/SITE-PEQUENO.png\" alt=\"\" class=\"wp-image-18945\"\/><\/figure>\n\n\n\n<figure class=\"wp-block-image size-large\"><img decoding=\"async\" data-id=\"18924\" src=\"https:\/\/radiostudiow.com.br\/site\/wp-content\/uploads\/2024\/01\/SITE-PEQUENO3.png\" alt=\"\" class=\"wp-image-18924\"\/><\/figure>\n<\/figure>\n","protected":false},"excerpt":{"rendered":"<p>O Paran\u00e1 recebeu nesta quinta-feira (22) o primeiro lote de vacinas contra a dengue, enviado pelo Minist\u00e9rio da Sa\u00fade. A remessa com 35.025 doses do imunizante Qdenga, produzido pela farmac\u00eautica Takeda, teve seu envio antecipado ap\u00f3s di\u00e1logos das secretarias estaduais com a pasta federal. Ao todo ser\u00e3o encaminhadas 523.005 vacinas para os estados. A entrega [&hellip;]<\/p>\n","protected":false},"author":2,"featured_media":19923,"comment_status":"open","ping_status":"open","sticky":false,"template":"","format":"standard","meta":{"footnotes":""},"categories":[182],"tags":[172],"class_list":["post-19907","post","type-post","status-publish","format-standard","has-post-thumbnail","hentry","category-saude","tag-featured"],"amp_enabled":true,"_links":{"self":[{"href":"https:\/\/radiostudiow.com.br\/site\/wp-json\/wp\/v2\/posts\/19907","targetHints":{"allow":["GET"]}}],"collection":[{"href":"https:\/\/radiostudiow.com.br\/site\/wp-json\/wp\/v2\/posts"}],"about":[{"href":"https:\/\/radiostudiow.com.br\/site\/wp-json\/wp\/v2\/types\/post"}],"author":[{"embeddable":true,"href":"https:\/\/radiostudiow.com.br\/site\/wp-json\/wp\/v2\/users\/2"}],"replies":[{"embeddable":true,"href":"https:\/\/radiostudiow.com.br\/site\/wp-json\/wp\/v2\/comments?post=19907"}],"version-history":[{"count":2,"href":"https:\/\/radiostudiow.com.br\/site\/wp-json\/wp\/v2\/posts\/19907\/revisions"}],"predecessor-version":[{"id":19926,"href":"https:\/\/radiostudiow.com.br\/site\/wp-json\/wp\/v2\/posts\/19907\/revisions\/19926"}],"wp:featuredmedia":[{"embeddable":true,"href":"https:\/\/radiostudiow.com.br\/site\/wp-json\/wp\/v2\/media\/19923"}],"wp:attachment":[{"href":"https:\/\/radiostudiow.com.br\/site\/wp-json\/wp\/v2\/media?parent=19907"}],"wp:term":[{"taxonomy":"category","embeddable":true,"href":"https:\/\/radiostudiow.com.br\/site\/wp-json\/wp\/v2\/categories?post=19907"},{"taxonomy":"post_tag","embeddable":true,"href":"https:\/\/radiostudiow.com.br\/site\/wp-json\/wp\/v2\/tags?post=19907"}],"curies":[{"name":"wp","href":"https:\/\/api.w.org\/{rel}","templated":true}]}}