{"id":19934,"date":"2024-02-26T21:09:49","date_gmt":"2024-02-27T00:09:49","guid":{"rendered":"https:\/\/radiostudiow.com.br\/site\/?p=19934"},"modified":"2025-01-31T15:02:10","modified_gmt":"2025-01-31T18:02:10","slug":"pm-de-mallet-e-acionada-apos-descumprimento-de-decisao-judicial-a-medida-protetiva-de-urgencia","status":"publish","type":"post","link":"https:\/\/radiostudiow.com.br\/site\/2024\/02\/26\/pm-de-mallet-e-acionada-apos-descumprimento-de-decisao-judicial-a-medida-protetiva-de-urgencia\/","title":{"rendered":"PM de Mallet \u00e9 acionada ap\u00f3s Descumprimento de Decis\u00e3o Judicial \u00e0 Medida protetiva de Urg\u00eancia"},"content":{"rendered":"\n<figure class=\"wp-block-image size-large\"><img decoding=\"async\" src=\"https:\/\/radiostudiow.com.br\/site\/wp-content\/uploads\/2024\/02\/capa-1024x387.jpg\" alt=\"\" class=\"wp-image-19551\"\/><\/figure>\n\n\n\n<p>A equipe da Pol\u00edcia Militar de Mallet foi acionada para atender uma situa\u00e7\u00e3o da descumprimento de Decis\u00e3o Judicial que defere medidas protetiva de urg\u00eancia neste domingo (25).<\/p>\n\n\n\n<p>A situa\u00e7\u00e3o foi registrada  por volta das 22:00 horas no bairro Vila Maria, onde os policiais entraram em contato com a solicitante, a qual passou a relatar que seu ex-convivente possu\u00eda medida protetiva em seu desfavor e estava passando em frente a sua resid\u00eancia com o ve\u00edculo.<\/p>\n\n\n\n<figure class=\"wp-block-image size-full\"><img decoding=\"async\" src=\"https:\/\/radiostudiow.com.br\/site\/wp-content\/uploads\/2024\/01\/SITE-PEQUENO3.png\" alt=\"\" class=\"wp-image-18924\"\/><\/figure>\n\n\n\n<p>Diante da situa\u00e7\u00e3o a equipe policial orientou a v\u00edtima sobre as medidas legais cab\u00edveis, posteriormente realizaram patrulhamento nas proximidades, por\u00e9m, n\u00e3o localizou o homem.<\/p>\n","protected":false},"excerpt":{"rendered":"<p>A equipe da Pol\u00edcia Militar de Mallet foi acionada para atender uma situa\u00e7\u00e3o da descumprimento de Decis\u00e3o Judicial que defere medidas protetiva de urg\u00eancia neste domingo (25). A situa\u00e7\u00e3o foi registrada por volta das 22:00 horas no bairro Vila Maria, onde os policiais entraram em contato com a solicitante, a qual passou a relatar que [&hellip;]<\/p>\n","protected":false},"author":2,"featured_media":17329,"comment_status":"open","ping_status":"open","sticky":false,"template":"","format":"standard","meta":{"footnotes":""},"categories":[2],"tags":[172],"class_list":["post-19934","post","type-post","status-publish","format-standard","has-post-thumbnail","hentry","category-policial","tag-featured"],"amp_enabled":true,"_links":{"self":[{"href":"https:\/\/radiostudiow.com.br\/site\/wp-json\/wp\/v2\/posts\/19934","targetHints":{"allow":["GET"]}}],"collection":[{"href":"https:\/\/radiostudiow.com.br\/site\/wp-json\/wp\/v2\/posts"}],"about":[{"href":"https:\/\/radiostudiow.com.br\/site\/wp-json\/wp\/v2\/types\/post"}],"author":[{"embeddable":true,"href":"https:\/\/radiostudiow.com.br\/site\/wp-json\/wp\/v2\/users\/2"}],"replies":[{"embeddable":true,"href":"https:\/\/radiostudiow.com.br\/site\/wp-json\/wp\/v2\/comments?post=19934"}],"version-history":[{"count":2,"href":"https:\/\/radiostudiow.com.br\/site\/wp-json\/wp\/v2\/posts\/19934\/revisions"}],"predecessor-version":[{"id":19994,"href":"https:\/\/radiostudiow.com.br\/site\/wp-json\/wp\/v2\/posts\/19934\/revisions\/19994"}],"wp:featuredmedia":[{"embeddable":true,"href":"https:\/\/radiostudiow.com.br\/site\/wp-json\/wp\/v2\/media\/17329"}],"wp:attachment":[{"href":"https:\/\/radiostudiow.com.br\/site\/wp-json\/wp\/v2\/media?parent=19934"}],"wp:term":[{"taxonomy":"category","embeddable":true,"href":"https:\/\/radiostudiow.com.br\/site\/wp-json\/wp\/v2\/categories?post=19934"},{"taxonomy":"post_tag","embeddable":true,"href":"https:\/\/radiostudiow.com.br\/site\/wp-json\/wp\/v2\/tags?post=19934"}],"curies":[{"name":"wp","href":"https:\/\/api.w.org\/{rel}","templated":true}]}}