{"id":19936,"date":"2024-02-27T09:20:02","date_gmt":"2024-02-27T12:20:02","guid":{"rendered":"https:\/\/radiostudiow.com.br\/site\/?p=19936"},"modified":"2025-01-31T15:02:10","modified_gmt":"2025-01-31T18:02:10","slug":"roupas-e-290-reais-foram-furtados-de-casa-em-paulo-frontin","status":"publish","type":"post","link":"https:\/\/radiostudiow.com.br\/site\/2024\/02\/27\/roupas-e-290-reais-foram-furtados-de-casa-em-paulo-frontin\/","title":{"rendered":"Roupas e 292 reais foram furtados de casa em Paulo Frontin"},"content":{"rendered":"\n<p>Um morador da localidade Barreiro compareceu ao Pelot\u00e3o da Pol\u00edcia Militar de Paulo Frontin relatando um furto que ocorreu nesse domingo (25).<\/p>\n\n\n\n<figure class=\"wp-block-image size-full\"><img decoding=\"async\" src=\"https:\/\/radiostudiow.com.br\/site\/wp-content\/uploads\/2024\/01\/SITE-GRANDE4.png\" alt=\"\" class=\"wp-image-18920\"\/><\/figure>\n\n\n\n<p>De acordo com o solicitante, sua casa foi invadida e levaram algumas pe\u00e7as de roupas e R$ 292,00 (duzentos e noventa e dois reais). Ele constatou o fato por volta das 18:30 horas.<\/p>\n\n\n\n<p>Diante dessa situa\u00e7\u00e3o, a equipe policial orientou a v\u00edtima sobre os procedimentos cab\u00edveis e realizou dilig\u00eancias nas imedia\u00e7\u00f5es.<\/p>\n\n\n\n<figure class=\"wp-block-image size-large\"><img decoding=\"async\" src=\"https:\/\/radiostudiow.com.br\/site\/wp-content\/uploads\/2024\/02\/capa-1024x387.jpg\" alt=\"\" class=\"wp-image-19551\"\/><\/figure>\n","protected":false},"excerpt":{"rendered":"<p>Um morador da localidade Barreiro compareceu ao Pelot\u00e3o da Pol\u00edcia Militar de Paulo Frontin relatando um furto que ocorreu nesse domingo (25). De acordo com o solicitante, sua casa foi invadida e levaram algumas pe\u00e7as de roupas e R$ 292,00 (duzentos e noventa e dois reais). Ele constatou o fato por volta das 18:30 horas. [&hellip;]<\/p>\n","protected":false},"author":2,"featured_media":14373,"comment_status":"open","ping_status":"open","sticky":false,"template":"","format":"standard","meta":{"footnotes":""},"categories":[2],"tags":[172],"class_list":["post-19936","post","type-post","status-publish","format-standard","has-post-thumbnail","hentry","category-policial","tag-featured"],"amp_enabled":true,"_links":{"self":[{"href":"https:\/\/radiostudiow.com.br\/site\/wp-json\/wp\/v2\/posts\/19936","targetHints":{"allow":["GET"]}}],"collection":[{"href":"https:\/\/radiostudiow.com.br\/site\/wp-json\/wp\/v2\/posts"}],"about":[{"href":"https:\/\/radiostudiow.com.br\/site\/wp-json\/wp\/v2\/types\/post"}],"author":[{"embeddable":true,"href":"https:\/\/radiostudiow.com.br\/site\/wp-json\/wp\/v2\/users\/2"}],"replies":[{"embeddable":true,"href":"https:\/\/radiostudiow.com.br\/site\/wp-json\/wp\/v2\/comments?post=19936"}],"version-history":[{"count":5,"href":"https:\/\/radiostudiow.com.br\/site\/wp-json\/wp\/v2\/posts\/19936\/revisions"}],"predecessor-version":[{"id":19996,"href":"https:\/\/radiostudiow.com.br\/site\/wp-json\/wp\/v2\/posts\/19936\/revisions\/19996"}],"wp:featuredmedia":[{"embeddable":true,"href":"https:\/\/radiostudiow.com.br\/site\/wp-json\/wp\/v2\/media\/14373"}],"wp:attachment":[{"href":"https:\/\/radiostudiow.com.br\/site\/wp-json\/wp\/v2\/media?parent=19936"}],"wp:term":[{"taxonomy":"category","embeddable":true,"href":"https:\/\/radiostudiow.com.br\/site\/wp-json\/wp\/v2\/categories?post=19936"},{"taxonomy":"post_tag","embeddable":true,"href":"https:\/\/radiostudiow.com.br\/site\/wp-json\/wp\/v2\/tags?post=19936"}],"curies":[{"name":"wp","href":"https:\/\/api.w.org\/{rel}","templated":true}]}}