{"id":19983,"date":"2024-02-26T18:44:01","date_gmt":"2024-02-26T21:44:01","guid":{"rendered":"https:\/\/radiostudiow.com.br\/site\/?p=19983"},"modified":"2025-01-31T15:02:10","modified_gmt":"2025-01-31T18:02:10","slug":"pm-de-uniao-da-vitoria-registra-tentativa-de-furto-em-veiculo-no-bairro-rocio","status":"publish","type":"post","link":"https:\/\/radiostudiow.com.br\/site\/2024\/02\/26\/pm-de-uniao-da-vitoria-registra-tentativa-de-furto-em-veiculo-no-bairro-rocio\/","title":{"rendered":"PM de Uni\u00e3o da Vit\u00f3ria registra tentativa de furto em ve\u00edculo no bairro Rocio"},"content":{"rendered":"\n<figure class=\"wp-block-image size-large\"><img decoding=\"async\" src=\"https:\/\/radiostudiow.com.br\/site\/wp-content\/uploads\/2024\/02\/capa-1024x387.jpg\" alt=\"\" class=\"wp-image-19551\"\/><\/figure>\n\n\n\n<p>Um senhor compareceu ao Pelot\u00e3o da Pol\u00edcia Militar de Uni\u00e3o da Vit\u00f3ria relatando uma tentativa de furto em seu ve\u00edculo por volta das 11:47 horas desse domingo (25).<\/p>\n\n\n\n<p>De acordo com relat\u00f3rio policial, o solicitante passou a relatar que se deparou com o vidro do porta malas de seu ve\u00edculo quebrado e que haviam tentado remover o som. O carro estava estacionado na Rua Washington Luiz P. Souza no bairro Rocio.<\/p>\n\n\n\n<figure class=\"wp-block-image size-full\"><img loading=\"lazy\" decoding=\"async\" width=\"598\" height=\"204\" src=\"https:\/\/radiostudiow.com.br\/site\/wp-content\/uploads\/2023\/12\/SITE-MEDIO4.png\" alt=\"\" class=\"wp-image-17598\" srcset=\"https:\/\/radiostudiow.com.br\/site\/wp-content\/uploads\/2023\/12\/SITE-MEDIO4.png 598w, https:\/\/radiostudiow.com.br\/site\/wp-content\/uploads\/2023\/12\/SITE-MEDIO4-300x102.png 300w\" sizes=\"auto, (max-width: 598px) 100vw, 598px\" \/><\/figure>\n\n\n\n<p>A v\u00edtima conversou com uma testemunha, o qual lhe disse que avistou um autom\u00f3vel com tr\u00eas homens, os quais portavam algumas ferramentas: chaves de fendas e alicates pr\u00f3ximos ao seu ve\u00edculo.<\/p>\n\n\n\n<p>Diante dos relatos o senhor foi orientado pelos policiais quanto aos procedimentos cab\u00edveis.<\/p>\n","protected":false},"excerpt":{"rendered":"<p>Um senhor compareceu ao Pelot\u00e3o da Pol\u00edcia Militar de Uni\u00e3o da Vit\u00f3ria relatando uma tentativa de furto em seu ve\u00edculo por volta das 11:47 horas desse domingo (25). De acordo com relat\u00f3rio policial, o solicitante passou a relatar que se deparou com o vidro do porta malas de seu ve\u00edculo quebrado e que haviam tentado [&hellip;]<\/p>\n","protected":false},"author":2,"featured_media":17774,"comment_status":"open","ping_status":"open","sticky":false,"template":"","format":"standard","meta":{"footnotes":""},"categories":[2],"tags":[172],"class_list":["post-19983","post","type-post","status-publish","format-standard","has-post-thumbnail","hentry","category-policial","tag-featured"],"amp_enabled":true,"_links":{"self":[{"href":"https:\/\/radiostudiow.com.br\/site\/wp-json\/wp\/v2\/posts\/19983","targetHints":{"allow":["GET"]}}],"collection":[{"href":"https:\/\/radiostudiow.com.br\/site\/wp-json\/wp\/v2\/posts"}],"about":[{"href":"https:\/\/radiostudiow.com.br\/site\/wp-json\/wp\/v2\/types\/post"}],"author":[{"embeddable":true,"href":"https:\/\/radiostudiow.com.br\/site\/wp-json\/wp\/v2\/users\/2"}],"replies":[{"embeddable":true,"href":"https:\/\/radiostudiow.com.br\/site\/wp-json\/wp\/v2\/comments?post=19983"}],"version-history":[{"count":1,"href":"https:\/\/radiostudiow.com.br\/site\/wp-json\/wp\/v2\/posts\/19983\/revisions"}],"predecessor-version":[{"id":19984,"href":"https:\/\/radiostudiow.com.br\/site\/wp-json\/wp\/v2\/posts\/19983\/revisions\/19984"}],"wp:featuredmedia":[{"embeddable":true,"href":"https:\/\/radiostudiow.com.br\/site\/wp-json\/wp\/v2\/media\/17774"}],"wp:attachment":[{"href":"https:\/\/radiostudiow.com.br\/site\/wp-json\/wp\/v2\/media?parent=19983"}],"wp:term":[{"taxonomy":"category","embeddable":true,"href":"https:\/\/radiostudiow.com.br\/site\/wp-json\/wp\/v2\/categories?post=19983"},{"taxonomy":"post_tag","embeddable":true,"href":"https:\/\/radiostudiow.com.br\/site\/wp-json\/wp\/v2\/tags?post=19983"}],"curies":[{"name":"wp","href":"https:\/\/api.w.org\/{rel}","templated":true}]}}