{"id":19988,"date":"2024-02-26T19:22:06","date_gmt":"2024-02-26T22:22:06","guid":{"rendered":"https:\/\/radiostudiow.com.br\/site\/?p=19988"},"modified":"2025-01-31T15:02:10","modified_gmt":"2025-01-31T18:02:10","slug":"homem-e-preso-apos-agredir-esposa-em-uniao-da-vitoria-2","status":"publish","type":"post","link":"https:\/\/radiostudiow.com.br\/site\/2024\/02\/26\/homem-e-preso-apos-agredir-esposa-em-uniao-da-vitoria-2\/","title":{"rendered":"Homem \u00e9 preso ap\u00f3s agredir esposa em Uni\u00e3o da Vit\u00f3ria"},"content":{"rendered":"\n<p>A equipe da Pol\u00edcia Militar de Uni\u00e3o da Vit\u00f3ria foi acionada para verificar uma den\u00fancia de viol\u00eancia dom\u00e9stica em uma resid\u00eancia no bairro Sagrada Fam\u00edlia por volta das 11:45 horas desse domingo (25).<\/p>\n\n\n\n<figure class=\"wp-block-image size-full\"><img decoding=\"async\" src=\"https:\/\/radiostudiow.com.br\/site\/wp-content\/uploads\/2024\/01\/SITE-GRANDE2.png\" alt=\"\" class=\"wp-image-18938\"\/><\/figure>\n\n\n\n<p>A equipe policial se deslocou at\u00e9 o local e entrou em contato com a solicitante que passou a relatar ter sido agredida pelo seu convivente, a mulher apresentava diversos hematomas pelo corpo.<\/p>\n\n\n\n<p>A v\u00edtima afirmou que na noite de s\u00e1bado, 24 de Fevereiro, teve um desentendimento com o autor e que a situa\u00e7\u00e3o piorou, oportunidade em que acionou os policiais.<\/p>\n\n\n\n<figure class=\"wp-block-image size-large\"><img decoding=\"async\" src=\"https:\/\/radiostudiow.com.br\/site\/wp-content\/uploads\/2024\/02\/capa-1024x387.jpg\" alt=\"\" class=\"wp-image-19551\"\/><\/figure>\n\n\n\n<p>O autor foi questionado a respeito dos fatos, ele declarou \u00e0 equipe policial que tudo que a v\u00edtima disse era verdade e que de fato agrediu a sua esposa.<\/p>\n\n\n\n<p>Diante dos fatos foi dado voz de pris\u00e3o ao autor e encaminhado at\u00e9 a 4\u00aa SDP para as Provid\u00eancias Cab\u00edveis.<\/p>\n","protected":false},"excerpt":{"rendered":"<p>A equipe da Pol\u00edcia Militar de Uni\u00e3o da Vit\u00f3ria foi acionada para verificar uma den\u00fancia de viol\u00eancia dom\u00e9stica em uma resid\u00eancia no bairro Sagrada Fam\u00edlia por volta das 11:45 horas desse domingo (25). A equipe policial se deslocou at\u00e9 o local e entrou em contato com a solicitante que passou a relatar ter sido agredida [&hellip;]<\/p>\n","protected":false},"author":2,"featured_media":0,"comment_status":"open","ping_status":"open","sticky":false,"template":"","format":"standard","meta":{"footnotes":""},"categories":[2],"tags":[172],"class_list":["post-19988","post","type-post","status-publish","format-standard","hentry","category-policial","tag-featured"],"amp_enabled":true,"_links":{"self":[{"href":"https:\/\/radiostudiow.com.br\/site\/wp-json\/wp\/v2\/posts\/19988","targetHints":{"allow":["GET"]}}],"collection":[{"href":"https:\/\/radiostudiow.com.br\/site\/wp-json\/wp\/v2\/posts"}],"about":[{"href":"https:\/\/radiostudiow.com.br\/site\/wp-json\/wp\/v2\/types\/post"}],"author":[{"embeddable":true,"href":"https:\/\/radiostudiow.com.br\/site\/wp-json\/wp\/v2\/users\/2"}],"replies":[{"embeddable":true,"href":"https:\/\/radiostudiow.com.br\/site\/wp-json\/wp\/v2\/comments?post=19988"}],"version-history":[{"count":1,"href":"https:\/\/radiostudiow.com.br\/site\/wp-json\/wp\/v2\/posts\/19988\/revisions"}],"predecessor-version":[{"id":19989,"href":"https:\/\/radiostudiow.com.br\/site\/wp-json\/wp\/v2\/posts\/19988\/revisions\/19989"}],"wp:attachment":[{"href":"https:\/\/radiostudiow.com.br\/site\/wp-json\/wp\/v2\/media?parent=19988"}],"wp:term":[{"taxonomy":"category","embeddable":true,"href":"https:\/\/radiostudiow.com.br\/site\/wp-json\/wp\/v2\/categories?post=19988"},{"taxonomy":"post_tag","embeddable":true,"href":"https:\/\/radiostudiow.com.br\/site\/wp-json\/wp\/v2\/tags?post=19988"}],"curies":[{"name":"wp","href":"https:\/\/api.w.org\/{rel}","templated":true}]}}