{"id":20017,"date":"2024-02-27T21:07:42","date_gmt":"2024-02-28T00:07:42","guid":{"rendered":"https:\/\/radiostudiow.com.br\/site\/?p=20017"},"modified":"2025-01-31T15:02:10","modified_gmt":"2025-01-31T18:02:10","slug":"casal-e-preso-com-drogas-apos-denuncia-anonima-em-sao-mateus-do-sul","status":"publish","type":"post","link":"https:\/\/radiostudiow.com.br\/site\/2024\/02\/27\/casal-e-preso-com-drogas-apos-denuncia-anonima-em-sao-mateus-do-sul\/","title":{"rendered":"Casal \u00e9 preso com drogas ap\u00f3s den\u00fancia an\u00f4nima em S\u00e3o Mateus do Sul"},"content":{"rendered":"\n<p>A equipe da Pol\u00edcia Militar de S\u00e3o Mateus do Sul recebeu den\u00fancia an\u00f4nima de que um ve\u00edculo estaria realizando tr\u00e1fico de drogas pelo bairro Bom Jesus e Jardim Santa Cruz por volta das 23:00 horas dessa segunda-feira (26).<\/p>\n\n\n\n<figure class=\"wp-block-image size-full\"><img decoding=\"async\" src=\"https:\/\/radiostudiow.com.br\/site\/wp-content\/uploads\/2024\/01\/SITE-GRANDE.png\" alt=\"\" class=\"wp-image-18949\"\/><\/figure>\n\n\n\n<p>Em patrulhamento pelo bairro, a equipe avistou o referido ve\u00edculo transitando pela via, vindo a dar voz de abordagem, utilizando-se de sinais luminosos e sonoros. A equipe realizou a revista pessoal, n\u00e3o encontrando nada com os indiv\u00edduos, por\u00e9m, em revista veicular, foram encontrados quatro inv\u00f3lucros contendo subst\u00e2ncia an\u00e1loga a coca\u00edna, pesando 9 gramas.<\/p>\n\n\n\n<p>A feminina apresentava sintomas de altera\u00e7\u00e3o psicomotora, aparentando estar sob efeito de drogas. Constatou-se tamb\u00e9m que o condutor do ve\u00edculo n\u00e3o possu\u00eda carteira de habilita\u00e7\u00e3o, e que o ve\u00edculo estava com o licenciamento atrasado desde 2020.<\/p>\n\n\n\n<figure class=\"wp-block-image size-large\"><img decoding=\"async\" src=\"https:\/\/radiostudiow.com.br\/site\/wp-content\/uploads\/2024\/02\/capa-1024x387.jpg\" alt=\"\" class=\"wp-image-19551\"\/><\/figure>\n\n\n\n<p>Diante dos fatos, os indiv\u00edduos foram conduzidos at\u00e9 a sede da 3\u00b0 Companhia da Pol\u00edcia Militar para a confec\u00e7\u00e3o de termo circunstanciado. O ve\u00edculo foi recolhido ao p\u00e1tio da 3\u00b0 Companhia da Pol\u00edcia Militar e os autos de infra\u00e7\u00e3o cab\u00edveis foram confeccionados.<\/p>\n","protected":false},"excerpt":{"rendered":"<p>A equipe da Pol\u00edcia Militar de S\u00e3o Mateus do Sul recebeu den\u00fancia an\u00f4nima de que um ve\u00edculo estaria realizando tr\u00e1fico de drogas pelo bairro Bom Jesus e Jardim Santa Cruz por volta das 23:00 horas dessa segunda-feira (26). Em patrulhamento pelo bairro, a equipe avistou o referido ve\u00edculo transitando pela via, vindo a dar voz [&hellip;]<\/p>\n","protected":false},"author":2,"featured_media":20018,"comment_status":"open","ping_status":"open","sticky":false,"template":"","format":"standard","meta":{"footnotes":""},"categories":[2],"tags":[172],"class_list":["post-20017","post","type-post","status-publish","format-standard","has-post-thumbnail","hentry","category-policial","tag-featured"],"amp_enabled":true,"_links":{"self":[{"href":"https:\/\/radiostudiow.com.br\/site\/wp-json\/wp\/v2\/posts\/20017","targetHints":{"allow":["GET"]}}],"collection":[{"href":"https:\/\/radiostudiow.com.br\/site\/wp-json\/wp\/v2\/posts"}],"about":[{"href":"https:\/\/radiostudiow.com.br\/site\/wp-json\/wp\/v2\/types\/post"}],"author":[{"embeddable":true,"href":"https:\/\/radiostudiow.com.br\/site\/wp-json\/wp\/v2\/users\/2"}],"replies":[{"embeddable":true,"href":"https:\/\/radiostudiow.com.br\/site\/wp-json\/wp\/v2\/comments?post=20017"}],"version-history":[{"count":3,"href":"https:\/\/radiostudiow.com.br\/site\/wp-json\/wp\/v2\/posts\/20017\/revisions"}],"predecessor-version":[{"id":20038,"href":"https:\/\/radiostudiow.com.br\/site\/wp-json\/wp\/v2\/posts\/20017\/revisions\/20038"}],"wp:featuredmedia":[{"embeddable":true,"href":"https:\/\/radiostudiow.com.br\/site\/wp-json\/wp\/v2\/media\/20018"}],"wp:attachment":[{"href":"https:\/\/radiostudiow.com.br\/site\/wp-json\/wp\/v2\/media?parent=20017"}],"wp:term":[{"taxonomy":"category","embeddable":true,"href":"https:\/\/radiostudiow.com.br\/site\/wp-json\/wp\/v2\/categories?post=20017"},{"taxonomy":"post_tag","embeddable":true,"href":"https:\/\/radiostudiow.com.br\/site\/wp-json\/wp\/v2\/tags?post=20017"}],"curies":[{"name":"wp","href":"https:\/\/api.w.org\/{rel}","templated":true}]}}