{"id":20029,"date":"2024-02-27T21:06:44","date_gmt":"2024-02-28T00:06:44","guid":{"rendered":"https:\/\/radiostudiow.com.br\/site\/?p=20029"},"modified":"2025-01-31T15:02:10","modified_gmt":"2025-01-31T18:02:10","slug":"policiais-encontram-homem-embriagado-caido-em-via-publica-e-descobrem-que-ele-havia-rompido-a-tornozeleira-eletronica-em-uniao-da-vitoria","status":"publish","type":"post","link":"https:\/\/radiostudiow.com.br\/site\/2024\/02\/27\/policiais-encontram-homem-embriagado-caido-em-via-publica-e-descobrem-que-ele-havia-rompido-a-tornozeleira-eletronica-em-uniao-da-vitoria\/","title":{"rendered":"Policiais encontram homem embriagado ca\u00eddo em via p\u00fablica e descobrem que ele havia rompido a tornozeleira eletr\u00f4nica em Uni\u00e3o da Vit\u00f3ria"},"content":{"rendered":"\n<p>A equipe da Pol\u00edcia Militar de Uni\u00e3o da Vit\u00f3ria estava em patrulhamento pela Avenida Paula Freitas no Distrito de S\u00e3o Crist\u00f3v\u00e3o, quando visualizou um indiv\u00edduo \u00e0s margens da via ca\u00eddo e desacordado por volta das 21:20 horas dessa segunda-feira (26).<\/p>\n\n\n\n<figure class=\"wp-block-image size-large\"><img decoding=\"async\" src=\"https:\/\/radiostudiow.com.br\/site\/wp-content\/uploads\/2024\/02\/capa-1024x387.jpg\" alt=\"\" class=\"wp-image-19551\"\/><\/figure>\n\n\n\n<p>Os policiais de imediato realizaram a abordagem para verificar necessidade de atendimento m\u00e9dico e ao tentar conversar com o indiv\u00edduo, foi poss\u00edvel constatar que o mesmo apresentava sinais de embriaguez e de pronto desobedeceu \u00e0s ordens policiais para que se levantasse e se identificasse.<\/p>\n\n\n\n<p>Durante a orienta\u00e7\u00e3o, o indiv\u00edduo desacatou a equipe e recebeu voz de pris\u00e3o, sendo realizada pesquisa nos sistemas informatizados e foi constatado que o indiv\u00edduo fazia o uso de tornozeleira eletr\u00f4nica, por\u00e9m, havia registro de rompimento do aparelho no dia 21 de outubro de 2023.<\/p>\n\n\n\n<p>O autor foi conduzido a 4\u00aaSDP para as provid\u00eancias cab\u00edveis.<\/p>\n","protected":false},"excerpt":{"rendered":"<p>A equipe da Pol\u00edcia Militar de Uni\u00e3o da Vit\u00f3ria estava em patrulhamento pela Avenida Paula Freitas no Distrito de S\u00e3o Crist\u00f3v\u00e3o, quando visualizou um indiv\u00edduo \u00e0s margens da via ca\u00eddo e desacordado por volta das 21:20 horas dessa segunda-feira (26). Os policiais de imediato realizaram a abordagem para verificar necessidade de atendimento m\u00e9dico e ao [&hellip;]<\/p>\n","protected":false},"author":2,"featured_media":20036,"comment_status":"open","ping_status":"open","sticky":false,"template":"","format":"standard","meta":{"footnotes":""},"categories":[7,2],"tags":[172],"class_list":["post-20029","post","type-post","status-publish","format-standard","has-post-thumbnail","hentry","category-geral","category-policial","tag-featured"],"amp_enabled":true,"_links":{"self":[{"href":"https:\/\/radiostudiow.com.br\/site\/wp-json\/wp\/v2\/posts\/20029","targetHints":{"allow":["GET"]}}],"collection":[{"href":"https:\/\/radiostudiow.com.br\/site\/wp-json\/wp\/v2\/posts"}],"about":[{"href":"https:\/\/radiostudiow.com.br\/site\/wp-json\/wp\/v2\/types\/post"}],"author":[{"embeddable":true,"href":"https:\/\/radiostudiow.com.br\/site\/wp-json\/wp\/v2\/users\/2"}],"replies":[{"embeddable":true,"href":"https:\/\/radiostudiow.com.br\/site\/wp-json\/wp\/v2\/comments?post=20029"}],"version-history":[{"count":4,"href":"https:\/\/radiostudiow.com.br\/site\/wp-json\/wp\/v2\/posts\/20029\/revisions"}],"predecessor-version":[{"id":20037,"href":"https:\/\/radiostudiow.com.br\/site\/wp-json\/wp\/v2\/posts\/20029\/revisions\/20037"}],"wp:featuredmedia":[{"embeddable":true,"href":"https:\/\/radiostudiow.com.br\/site\/wp-json\/wp\/v2\/media\/20036"}],"wp:attachment":[{"href":"https:\/\/radiostudiow.com.br\/site\/wp-json\/wp\/v2\/media?parent=20029"}],"wp:term":[{"taxonomy":"category","embeddable":true,"href":"https:\/\/radiostudiow.com.br\/site\/wp-json\/wp\/v2\/categories?post=20029"},{"taxonomy":"post_tag","embeddable":true,"href":"https:\/\/radiostudiow.com.br\/site\/wp-json\/wp\/v2\/tags?post=20029"}],"curies":[{"name":"wp","href":"https:\/\/api.w.org\/{rel}","templated":true}]}}