{"id":20039,"date":"2024-02-29T09:41:08","date_gmt":"2024-02-29T12:41:08","guid":{"rendered":"https:\/\/radiostudiow.com.br\/site\/?p=20039"},"modified":"2025-01-31T15:02:10","modified_gmt":"2025-01-31T18:02:10","slug":"pm-de-mallet-e-acionada-apos-perturbacao-com-som-alto-durante-a-madrugada","status":"publish","type":"post","link":"https:\/\/radiostudiow.com.br\/site\/2024\/02\/29\/pm-de-mallet-e-acionada-apos-perturbacao-com-som-alto-durante-a-madrugada\/","title":{"rendered":"PM de Mallet \u00e9 acionada ap\u00f3s perturba\u00e7\u00e3o com som alto durante a madrugada"},"content":{"rendered":"\n<figure class=\"wp-block-image size-full\"><img decoding=\"async\" src=\"https:\/\/radiostudiow.com.br\/site\/wp-content\/uploads\/2024\/01\/SITE-GRANDE.png\" alt=\"\" class=\"wp-image-18949\"\/><\/figure>\n\n\n\n<p>Por volta das 01 hora de ontem, ter\u00e7a-feira, 27 de fevereiro, a equipe da Pol\u00edcia Militar foi acionada para atender uma ocorr\u00eancia de perturba\u00e7\u00e3o de sossego na \u00e1rea central de Mallet.<\/p>\n\n\n\n<p>Os policiais se deslocaram at\u00e9 o local e constatou um som em volume alterado e conversas em tom elevado. Em contato com a moradora da propriedade, ela foi advertida e encerrou naquele momento a perturba\u00e7\u00e3o.<\/p>\n\n\n\n<figure class=\"wp-block-image size-large\"><img decoding=\"async\" src=\"https:\/\/radiostudiow.com.br\/site\/wp-content\/uploads\/2024\/02\/capa-1024x387.jpg\" alt=\"\" class=\"wp-image-19551\"\/><\/figure>\n\n\n\n<p>A equipe policial tamb\u00e9m orientou a v\u00edtima quanto as medidas cab\u00edveis caso uma nova ocorr\u00eancia.<\/p>\n","protected":false},"excerpt":{"rendered":"<p>Por volta das 01 hora de ontem, ter\u00e7a-feira, 27 de fevereiro, a equipe da Pol\u00edcia Militar foi acionada para atender uma ocorr\u00eancia de perturba\u00e7\u00e3o de sossego na \u00e1rea central de Mallet. Os policiais se deslocaram at\u00e9 o local e constatou um som em volume alterado e conversas em tom elevado. Em contato com a moradora [&hellip;]<\/p>\n","protected":false},"author":2,"featured_media":20070,"comment_status":"open","ping_status":"open","sticky":false,"template":"","format":"standard","meta":{"footnotes":""},"categories":[2],"tags":[172],"class_list":["post-20039","post","type-post","status-publish","format-standard","has-post-thumbnail","hentry","category-policial","tag-featured"],"amp_enabled":true,"_links":{"self":[{"href":"https:\/\/radiostudiow.com.br\/site\/wp-json\/wp\/v2\/posts\/20039","targetHints":{"allow":["GET"]}}],"collection":[{"href":"https:\/\/radiostudiow.com.br\/site\/wp-json\/wp\/v2\/posts"}],"about":[{"href":"https:\/\/radiostudiow.com.br\/site\/wp-json\/wp\/v2\/types\/post"}],"author":[{"embeddable":true,"href":"https:\/\/radiostudiow.com.br\/site\/wp-json\/wp\/v2\/users\/2"}],"replies":[{"embeddable":true,"href":"https:\/\/radiostudiow.com.br\/site\/wp-json\/wp\/v2\/comments?post=20039"}],"version-history":[{"count":4,"href":"https:\/\/radiostudiow.com.br\/site\/wp-json\/wp\/v2\/posts\/20039\/revisions"}],"predecessor-version":[{"id":20071,"href":"https:\/\/radiostudiow.com.br\/site\/wp-json\/wp\/v2\/posts\/20039\/revisions\/20071"}],"wp:featuredmedia":[{"embeddable":true,"href":"https:\/\/radiostudiow.com.br\/site\/wp-json\/wp\/v2\/media\/20070"}],"wp:attachment":[{"href":"https:\/\/radiostudiow.com.br\/site\/wp-json\/wp\/v2\/media?parent=20039"}],"wp:term":[{"taxonomy":"category","embeddable":true,"href":"https:\/\/radiostudiow.com.br\/site\/wp-json\/wp\/v2\/categories?post=20039"},{"taxonomy":"post_tag","embeddable":true,"href":"https:\/\/radiostudiow.com.br\/site\/wp-json\/wp\/v2\/tags?post=20039"}],"curies":[{"name":"wp","href":"https:\/\/api.w.org\/{rel}","templated":true}]}}