{"id":20061,"date":"2024-02-29T09:20:35","date_gmt":"2024-02-29T12:20:35","guid":{"rendered":"https:\/\/radiostudiow.com.br\/site\/?p=20061"},"modified":"2025-01-31T15:02:10","modified_gmt":"2025-01-31T18:02:10","slug":"terminou-o-periodo-de-defeso-e-piracema","status":"publish","type":"post","link":"https:\/\/radiostudiow.com.br\/site\/2024\/02\/29\/terminou-o-periodo-de-defeso-e-piracema\/","title":{"rendered":"Terminou o per\u00edodo de defeso e piracema"},"content":{"rendered":"\n<p>Depois&nbsp; de 4 meses chega ao fim hoje a meia noite o per\u00edodo de defeso e piracema na bacia hidrogr\u00e1fica do Rio Paran\u00e1.&nbsp;<\/p>\n\n\n\n<figure class=\"wp-block-image size-full\"><img decoding=\"async\" src=\"https:\/\/radiostudiow.com.br\/site\/wp-content\/uploads\/2024\/01\/SITE-GRANDE2.png\" alt=\"\" class=\"wp-image-18938\"\/><\/figure>\n\n\n\n<p>Desde o 1\u00ba\u00a0 dia de novembro de 2023, todo esse per\u00edodo, ficou restrita a atividade da pesca em toda a extens\u00e3o da bacia, abrangendo n\u00e3o apenas o rio principal, mas tamb\u00e9m seus formadores, afluentes, lagos, lagoas marginais, reservat\u00f3rios e demais corpos d\u2019\u00e1gua inseridos na bacia de contribui\u00e7\u00e3o do rio.<\/p>\n\n\n\n<p>A partir de agora, com o t\u00e9rmino do defeso, a pesca volta a ser permitida, desde que realizada de acordo com a legisla\u00e7\u00e3o ambiental vigente.<\/p>\n\n\n\n<p>Entre as esp\u00e9cies que estiveram protegidas durante esse per\u00edodo est\u00e3o o bagre, dourado, ja\u00fa, pintado, lambari, mandi-amarelo, mandi-prata e piracanjuva.<\/p>\n\n\n\n<figure class=\"wp-block-image size-large\"><img decoding=\"async\" src=\"https:\/\/radiostudiow.com.br\/site\/wp-content\/uploads\/2024\/02\/capa-1024x387.jpg\" alt=\"\" class=\"wp-image-19551\"\/><\/figure>\n\n\n\n<p>\u00c9 importante ressaltar que as esp\u00e9cies consideradas ex\u00f3ticas, que foram introduzidas no ambiente pela a\u00e7\u00e3o humana, como a carpa, corvina, til\u00e1pia e tucunar\u00e9, bem como os peixes h\u00edbridos resultantes do cruzamento de duas esp\u00e9cies, n\u00e3o estiveram sujeitas \u00e0s restri\u00e7\u00f5es impostas pelo per\u00edodo de defeso e piracema.<\/p>\n\n\n\n<p>Com o retorno da pesca, os pescadores devem seguir as regulamenta\u00e7\u00f5es ambientais para garantir a preserva\u00e7\u00e3o dos recursos naturais e a sustentabilidade da atividade pesqueira na regi\u00e3o.<\/p>\n","protected":false},"excerpt":{"rendered":"<p>Depois&nbsp; de 4 meses chega ao fim hoje a meia noite o per\u00edodo de defeso e piracema na bacia hidrogr\u00e1fica do Rio Paran\u00e1.&nbsp; Desde o 1\u00ba\u00a0 dia de novembro de 2023, todo esse per\u00edodo, ficou restrita a atividade da pesca em toda a extens\u00e3o da bacia, abrangendo n\u00e3o apenas o rio principal, mas tamb\u00e9m seus [&hellip;]<\/p>\n","protected":false},"author":2,"featured_media":20062,"comment_status":"open","ping_status":"open","sticky":false,"template":"","format":"standard","meta":{"footnotes":""},"categories":[7],"tags":[172],"class_list":["post-20061","post","type-post","status-publish","format-standard","has-post-thumbnail","hentry","category-geral","tag-featured"],"amp_enabled":true,"_links":{"self":[{"href":"https:\/\/radiostudiow.com.br\/site\/wp-json\/wp\/v2\/posts\/20061","targetHints":{"allow":["GET"]}}],"collection":[{"href":"https:\/\/radiostudiow.com.br\/site\/wp-json\/wp\/v2\/posts"}],"about":[{"href":"https:\/\/radiostudiow.com.br\/site\/wp-json\/wp\/v2\/types\/post"}],"author":[{"embeddable":true,"href":"https:\/\/radiostudiow.com.br\/site\/wp-json\/wp\/v2\/users\/2"}],"replies":[{"embeddable":true,"href":"https:\/\/radiostudiow.com.br\/site\/wp-json\/wp\/v2\/comments?post=20061"}],"version-history":[{"count":1,"href":"https:\/\/radiostudiow.com.br\/site\/wp-json\/wp\/v2\/posts\/20061\/revisions"}],"predecessor-version":[{"id":20063,"href":"https:\/\/radiostudiow.com.br\/site\/wp-json\/wp\/v2\/posts\/20061\/revisions\/20063"}],"wp:featuredmedia":[{"embeddable":true,"href":"https:\/\/radiostudiow.com.br\/site\/wp-json\/wp\/v2\/media\/20062"}],"wp:attachment":[{"href":"https:\/\/radiostudiow.com.br\/site\/wp-json\/wp\/v2\/media?parent=20061"}],"wp:term":[{"taxonomy":"category","embeddable":true,"href":"https:\/\/radiostudiow.com.br\/site\/wp-json\/wp\/v2\/categories?post=20061"},{"taxonomy":"post_tag","embeddable":true,"href":"https:\/\/radiostudiow.com.br\/site\/wp-json\/wp\/v2\/tags?post=20061"}],"curies":[{"name":"wp","href":"https:\/\/api.w.org\/{rel}","templated":true}]}}