{"id":20079,"date":"2024-03-01T09:27:01","date_gmt":"2024-03-01T12:27:01","guid":{"rendered":"https:\/\/radiostudiow.com.br\/site\/?p=20079"},"modified":"2025-01-31T15:02:10","modified_gmt":"2025-01-31T18:02:10","slug":"homem-e-preso-em-flagrante-por-corte-de-arvores-nativas-em-irati","status":"publish","type":"post","link":"https:\/\/radiostudiow.com.br\/site\/2024\/03\/01\/homem-e-preso-em-flagrante-por-corte-de-arvores-nativas-em-irati\/","title":{"rendered":"Homem \u00e9 preso em flagrante por corte de \u00e1rvores nativas em Irati"},"content":{"rendered":"\n<p>A equipe da Pol\u00edcia Ambiental constataram que um senhor de 48 anos estava fazendo uso de motosserra em uma propriedade rural na localidade de Guamirim nessa ter\u00e7a-feira (27).<\/p>\n\n\n\n<figure class=\"wp-block-image size-large\"><img decoding=\"async\" src=\"https:\/\/radiostudiow.com.br\/site\/wp-content\/uploads\/2024\/02\/image-37-1024x390.png\" alt=\"\" class=\"wp-image-20080\"\/><\/figure>\n\n\n\n<p>Foi realizado a vistoria na propriedade e constatou-se o corte de 43 \u00e1rvores nativas diversas. O mesmo n\u00e3o possu\u00eda autoriza\u00e7\u00e3o para o corte e registro da motosserra.<\/p>\n\n\n\n<p>Diante dos fatos o indiv\u00edduo foi encaminhado para a delegacia de pol\u00edcia civil de Irati para lavratura de flagrante. Lavrado ainda, auto de infra\u00e7\u00e3o ambiental no valor de R$ 13.900,00.<\/p>\n\n\n\n<figure class=\"wp-block-image size-large\"><img decoding=\"async\" src=\"https:\/\/radiostudiow.com.br\/site\/wp-content\/uploads\/2024\/02\/capa-1024x387.jpg\" alt=\"\" class=\"wp-image-19551\"\/><\/figure>\n\n\n\n<p>POL\u00cdCIA MILITAR DO PARAN\u00c1<br>&#8220;N\u00f3s fazemos a diferen\u00e7a&#8221;<\/p>\n","protected":false},"excerpt":{"rendered":"<p>A equipe da Pol\u00edcia Ambiental constataram que um senhor de 48 anos estava fazendo uso de motosserra em uma propriedade rural na localidade de Guamirim nessa ter\u00e7a-feira (27). Foi realizado a vistoria na propriedade e constatou-se o corte de 43 \u00e1rvores nativas diversas. O mesmo n\u00e3o possu\u00eda autoriza\u00e7\u00e3o para o corte e registro da motosserra. [&hellip;]<\/p>\n","protected":false},"author":2,"featured_media":20081,"comment_status":"open","ping_status":"open","sticky":false,"template":"","format":"standard","meta":{"footnotes":""},"categories":[2],"tags":[172],"class_list":["post-20079","post","type-post","status-publish","format-standard","has-post-thumbnail","hentry","category-policial","tag-featured"],"amp_enabled":true,"_links":{"self":[{"href":"https:\/\/radiostudiow.com.br\/site\/wp-json\/wp\/v2\/posts\/20079","targetHints":{"allow":["GET"]}}],"collection":[{"href":"https:\/\/radiostudiow.com.br\/site\/wp-json\/wp\/v2\/posts"}],"about":[{"href":"https:\/\/radiostudiow.com.br\/site\/wp-json\/wp\/v2\/types\/post"}],"author":[{"embeddable":true,"href":"https:\/\/radiostudiow.com.br\/site\/wp-json\/wp\/v2\/users\/2"}],"replies":[{"embeddable":true,"href":"https:\/\/radiostudiow.com.br\/site\/wp-json\/wp\/v2\/comments?post=20079"}],"version-history":[{"count":1,"href":"https:\/\/radiostudiow.com.br\/site\/wp-json\/wp\/v2\/posts\/20079\/revisions"}],"predecessor-version":[{"id":20082,"href":"https:\/\/radiostudiow.com.br\/site\/wp-json\/wp\/v2\/posts\/20079\/revisions\/20082"}],"wp:featuredmedia":[{"embeddable":true,"href":"https:\/\/radiostudiow.com.br\/site\/wp-json\/wp\/v2\/media\/20081"}],"wp:attachment":[{"href":"https:\/\/radiostudiow.com.br\/site\/wp-json\/wp\/v2\/media?parent=20079"}],"wp:term":[{"taxonomy":"category","embeddable":true,"href":"https:\/\/radiostudiow.com.br\/site\/wp-json\/wp\/v2\/categories?post=20079"},{"taxonomy":"post_tag","embeddable":true,"href":"https:\/\/radiostudiow.com.br\/site\/wp-json\/wp\/v2\/tags?post=20079"}],"curies":[{"name":"wp","href":"https:\/\/api.w.org\/{rel}","templated":true}]}}