{"id":20091,"date":"2024-02-29T11:15:30","date_gmt":"2024-02-29T14:15:30","guid":{"rendered":"https:\/\/radiostudiow.com.br\/site\/?p=20091"},"modified":"2025-01-31T15:02:10","modified_gmt":"2025-01-31T18:02:10","slug":"homem-e-preso-apos-bater-em-mulher-e-desacatar-policiais-em-uniao-da-vitoria","status":"publish","type":"post","link":"https:\/\/radiostudiow.com.br\/site\/2024\/02\/29\/homem-e-preso-apos-bater-em-mulher-e-desacatar-policiais-em-uniao-da-vitoria\/","title":{"rendered":"Homem \u00e9 preso ap\u00f3s bater em mulher e desacatar policiais em Uni\u00e3o da Vit\u00f3ria"},"content":{"rendered":"\n<figure class=\"wp-block-image size-large\"><img decoding=\"async\" src=\"https:\/\/radiostudiow.com.br\/site\/wp-content\/uploads\/2024\/02\/capa-1024x387.jpg\" alt=\"\" class=\"wp-image-19551\"\/><\/figure>\n\n\n\n<p>Um homem que n\u00e3o teve o nome divulgado foi preso por volta das 17:00 horas dessa quarta-feira, 28 de fevereiro, em uma ocorr\u00eancia policial registrada no bairro S\u00e3o Gabriel em Uni\u00e3o da Vit\u00f3ria.<\/p>\n\n\n\n<p>Segundo informa\u00e7\u00f5es, a Pol\u00edcia Militar foi acionada para verificar uma situa\u00e7\u00e3o de viol\u00eancia dom\u00e9stica e no local encontrou uma mulher chorando e caminhando em via p\u00fablica. Ela alegou que foi agredida pelo convivente, o qual tamb\u00e9m tentou impedir a mesma de sair de um carro.<\/p>\n\n\n\n<figure class=\"wp-block-image size-full\"><img loading=\"lazy\" decoding=\"async\" width=\"300\" height=\"180\" src=\"https:\/\/radiostudiow.com.br\/site\/wp-content\/uploads\/2024\/01\/SITE-PEQUENO.png\" alt=\"\" class=\"wp-image-18945\"\/><\/figure>\n\n\n\n<p>Ap\u00f3s dilig\u00eancias o homem foi abordado e com ele foi encontrado uma pequena quantidade de coca\u00edna. Ele recebeu voz de pris\u00e3o e reagiu a a\u00e7\u00e3o desacatando os policiais. Ap\u00f3s contido foi entregue na delegacia para provid\u00eancias.<\/p>\n","protected":false},"excerpt":{"rendered":"<p>Um homem que n\u00e3o teve o nome divulgado foi preso por volta das 17:00 horas dessa quarta-feira, 28 de fevereiro, em uma ocorr\u00eancia policial registrada no bairro S\u00e3o Gabriel em Uni\u00e3o da Vit\u00f3ria. Segundo informa\u00e7\u00f5es, a Pol\u00edcia Militar foi acionada para verificar uma situa\u00e7\u00e3o de viol\u00eancia dom\u00e9stica e no local encontrou uma mulher chorando e [&hellip;]<\/p>\n","protected":false},"author":2,"featured_media":14208,"comment_status":"open","ping_status":"open","sticky":false,"template":"","format":"standard","meta":{"footnotes":""},"categories":[2],"tags":[172],"class_list":["post-20091","post","type-post","status-publish","format-standard","has-post-thumbnail","hentry","category-policial","tag-featured"],"amp_enabled":true,"_links":{"self":[{"href":"https:\/\/radiostudiow.com.br\/site\/wp-json\/wp\/v2\/posts\/20091","targetHints":{"allow":["GET"]}}],"collection":[{"href":"https:\/\/radiostudiow.com.br\/site\/wp-json\/wp\/v2\/posts"}],"about":[{"href":"https:\/\/radiostudiow.com.br\/site\/wp-json\/wp\/v2\/types\/post"}],"author":[{"embeddable":true,"href":"https:\/\/radiostudiow.com.br\/site\/wp-json\/wp\/v2\/users\/2"}],"replies":[{"embeddable":true,"href":"https:\/\/radiostudiow.com.br\/site\/wp-json\/wp\/v2\/comments?post=20091"}],"version-history":[{"count":1,"href":"https:\/\/radiostudiow.com.br\/site\/wp-json\/wp\/v2\/posts\/20091\/revisions"}],"predecessor-version":[{"id":20092,"href":"https:\/\/radiostudiow.com.br\/site\/wp-json\/wp\/v2\/posts\/20091\/revisions\/20092"}],"wp:featuredmedia":[{"embeddable":true,"href":"https:\/\/radiostudiow.com.br\/site\/wp-json\/wp\/v2\/media\/14208"}],"wp:attachment":[{"href":"https:\/\/radiostudiow.com.br\/site\/wp-json\/wp\/v2\/media?parent=20091"}],"wp:term":[{"taxonomy":"category","embeddable":true,"href":"https:\/\/radiostudiow.com.br\/site\/wp-json\/wp\/v2\/categories?post=20091"},{"taxonomy":"post_tag","embeddable":true,"href":"https:\/\/radiostudiow.com.br\/site\/wp-json\/wp\/v2\/tags?post=20091"}],"curies":[{"name":"wp","href":"https:\/\/api.w.org\/{rel}","templated":true}]}}