{"id":20099,"date":"2024-03-01T09:37:25","date_gmt":"2024-03-01T12:37:25","guid":{"rendered":"https:\/\/radiostudiow.com.br\/site\/?p=20099"},"modified":"2025-01-31T15:02:09","modified_gmt":"2025-01-31T18:02:09","slug":"programa-inedito-vai-incentivar-viagens-para-pessoas-idosas-no-parana","status":"publish","type":"post","link":"https:\/\/radiostudiow.com.br\/site\/2024\/03\/01\/programa-inedito-vai-incentivar-viagens-para-pessoas-idosas-no-parana\/","title":{"rendered":"Programa in\u00e9dito vai incentivar viagens para pessoas idosas no Paran\u00e1"},"content":{"rendered":"\n<p>Pessoas acima de 60 anos de idade de 346 munic\u00edpios ter\u00e3o a oportunidade de viajar e conhecer outros locais do Paran\u00e1 de forma gratuita nos pr\u00f3ximos meses.<\/p>\n\n\n\n<p>Essa \u00e9 a proposta do projeto Viaja + 60, iniciativa que faz parte do programa Paran\u00e1 + Viagem, que j\u00e1 virou lei.\u00a0As diretrizes para o funcionamento do Viaja + 60 foram explicadas aos gestores nesta semana pelas secretarias do Turismo e Mulher, Igualdade Racial e Pessoa Idosa.<\/p>\n\n\n\n<figure class=\"wp-block-image size-large\"><img decoding=\"async\" src=\"https:\/\/radiostudiow.com.br\/site\/wp-content\/uploads\/2024\/02\/capa-1024x387.jpg\" alt=\"\" class=\"wp-image-19551\"\/><\/figure>\n\n\n\n<p>Nesta primeira fase foram repassados R$ 3,5 milh\u00f5es do Fundo Estadual da Pessoa Idosa para os munic\u00edpios que tinham atestado de regularidade no Conselhos Municipais dos Direitos da Pessoa Idosa incentivarem a atividade tur\u00edstica local.<\/p>\n\n\n\n<p><strong>Os recursos devem ser usados na contrata\u00e7\u00e3o de transporte, pagamento de hospedagem, guias tur\u00edsticos e demais atividades relativas \u00e0 organiza\u00e7\u00e3o das viagens, sempre adequadas e acess\u00edveis ao p\u00fablico-alvo. Os munic\u00edpios podem aportar recursos pr\u00f3prios para complementar as viagens, quando necess\u00e1rio.<\/strong><\/p>\n\n\n\n<p>As prefeituras que j\u00e1 demonstraram interesse devem organizar viagens para pessoas idosas (acima de 60 anos) e informar o roteiro e detalhes \u00e0s secretarias estaduais envolvidas. O Plano de Trabalho deve especificar as informa\u00e7\u00f5es para a identifica\u00e7\u00e3o da atividade contemplada, tais como: munic\u00edpio de origem, munic\u00edpio ou localidade de destino, objetivo da viagem, roteiro detalhado e perfil do p\u00fablico atendido.<\/p>\n\n\n\n<figure class=\"wp-block-image size-full\"><img decoding=\"async\" src=\"https:\/\/radiostudiow.com.br\/site\/wp-content\/uploads\/2024\/01\/SITE-PEQUENO3.png\" alt=\"\" class=\"wp-image-18924\"\/><\/figure>\n\n\n\n<p>As viagens devem buscar um enfoque social, desportivo, pedag\u00f3gico, t\u00e9cnico, cultural e\/ou ambiental dentro das 19 Regi\u00f5es Tur\u00edsticas do Paran\u00e1, contribuindo para a valoriza\u00e7\u00e3o de destinos e atra\u00e7\u00f5es tur\u00edsticas emergentes que possuem baixa ou m\u00e9dia demanda tur\u00edstica.<\/p>\n\n\n\n<p><strong>Elas podem ter formatos diversos como: Interregional (viagens de at\u00e9 4 dias entre regi\u00f5es tur\u00edsticas); Regional (viagens de at\u00e9 3 dias dentro das regi\u00f5es tur\u00edsticas); ou Local e Microrregional (viagens de 1 a 2 dias dentro das regi\u00f5es tur\u00edsticas).<\/strong><\/p>\n\n\n\n<p><em>\u201cPessoas com mais de 60 anos de idade de 346 munic\u00edpios ter\u00e3o a oportunidade de viajar e conhecer outros locais do Paran\u00e1. Essa \u00e9 a proposta do projeto Viaja + 60\u201d, afirmou a secret\u00e1ria da\u00a0Mulher, Igualdade Racial e Pessoa Idosa, Leandre Dal Ponte. <\/em>\u201cAcreditamos que em 60 dias estaremos com um n\u00famero significativo de roteiros em execu\u00e7\u00e3o, considerando que os primeiros meses do ano envolvem a organiza\u00e7\u00e3o administrativa\u201d.<\/p>\n\n\n\n<figure class=\"wp-block-image size-full\"><img loading=\"lazy\" decoding=\"async\" width=\"598\" height=\"204\" src=\"https:\/\/radiostudiow.com.br\/site\/wp-content\/uploads\/2023\/12\/SITE-MEDIO4.png\" alt=\"\" class=\"wp-image-17598\" srcset=\"https:\/\/radiostudiow.com.br\/site\/wp-content\/uploads\/2023\/12\/SITE-MEDIO4.png 598w, https:\/\/radiostudiow.com.br\/site\/wp-content\/uploads\/2023\/12\/SITE-MEDIO4-300x102.png 300w\" sizes=\"auto, (max-width: 598px) 100vw, 598px\" \/><\/figure>\n\n\n\n<p>O secret\u00e1rio do Turismo do Paran\u00e1, M\u00e1rcio Nunes, lembra que o Viaja + 60 contribu\u00ed para uma melhor qualidade de vida dessa parcela da popula\u00e7\u00e3o e, ao mesmo tempo, aquece a ind\u00fastria tur\u00edstica estadual.<\/p>\n\n\n\n<p><em>\u201cMuitos idosos desistem de viajar devido \u00e0 falta de inclus\u00e3o nos roteiros tradicionais. Com essa iniciativa, vamos mostrar que \u00e9 poss\u00edvel conhecer v\u00e1rios pontos tur\u00edsticos do Paran\u00e1 com seguran\u00e7a, qualidade e o devido cuidado que a pessoa idosa merece, fortalecendo nossos destinos regionais\u201d, comentou M\u00e1rcio.<\/em><\/p>\n\n\n\n<p>Na regi\u00e3o todos os munic\u00edpios que comp\u00f5em a Amsulpar est\u00e3o aptos a participarem do projeto.&nbsp;<\/p>\n","protected":false},"excerpt":{"rendered":"<p>Pessoas acima de 60 anos de idade de 346 munic\u00edpios ter\u00e3o a oportunidade de viajar e conhecer outros locais do Paran\u00e1 de forma gratuita nos pr\u00f3ximos meses. Essa \u00e9 a proposta do projeto Viaja + 60, iniciativa que faz parte do programa Paran\u00e1 + Viagem, que j\u00e1 virou lei.\u00a0As diretrizes para o funcionamento do Viaja [&hellip;]<\/p>\n","protected":false},"author":2,"featured_media":20115,"comment_status":"open","ping_status":"open","sticky":false,"template":"","format":"standard","meta":{"footnotes":""},"categories":[7],"tags":[172],"class_list":["post-20099","post","type-post","status-publish","format-standard","has-post-thumbnail","hentry","category-geral","tag-featured"],"amp_enabled":true,"_links":{"self":[{"href":"https:\/\/radiostudiow.com.br\/site\/wp-json\/wp\/v2\/posts\/20099","targetHints":{"allow":["GET"]}}],"collection":[{"href":"https:\/\/radiostudiow.com.br\/site\/wp-json\/wp\/v2\/posts"}],"about":[{"href":"https:\/\/radiostudiow.com.br\/site\/wp-json\/wp\/v2\/types\/post"}],"author":[{"embeddable":true,"href":"https:\/\/radiostudiow.com.br\/site\/wp-json\/wp\/v2\/users\/2"}],"replies":[{"embeddable":true,"href":"https:\/\/radiostudiow.com.br\/site\/wp-json\/wp\/v2\/comments?post=20099"}],"version-history":[{"count":4,"href":"https:\/\/radiostudiow.com.br\/site\/wp-json\/wp\/v2\/posts\/20099\/revisions"}],"predecessor-version":[{"id":20116,"href":"https:\/\/radiostudiow.com.br\/site\/wp-json\/wp\/v2\/posts\/20099\/revisions\/20116"}],"wp:featuredmedia":[{"embeddable":true,"href":"https:\/\/radiostudiow.com.br\/site\/wp-json\/wp\/v2\/media\/20115"}],"wp:attachment":[{"href":"https:\/\/radiostudiow.com.br\/site\/wp-json\/wp\/v2\/media?parent=20099"}],"wp:term":[{"taxonomy":"category","embeddable":true,"href":"https:\/\/radiostudiow.com.br\/site\/wp-json\/wp\/v2\/categories?post=20099"},{"taxonomy":"post_tag","embeddable":true,"href":"https:\/\/radiostudiow.com.br\/site\/wp-json\/wp\/v2\/tags?post=20099"}],"curies":[{"name":"wp","href":"https:\/\/api.w.org\/{rel}","templated":true}]}}