{"id":20103,"date":"2024-03-02T09:23:30","date_gmt":"2024-03-02T12:23:30","guid":{"rendered":"https:\/\/radiostudiow.com.br\/site\/?p=20103"},"modified":"2025-01-31T15:02:09","modified_gmt":"2025-01-31T18:02:09","slug":"carga-apreendida-e-avaliada-em-mais-de-r-3-milhoes","status":"publish","type":"post","link":"https:\/\/radiostudiow.com.br\/site\/2024\/03\/02\/carga-apreendida-e-avaliada-em-mais-de-r-3-milhoes\/","title":{"rendered":"Carga apreendida \u00e9 avaliada em mais de R$ 3 milh\u00f5es"},"content":{"rendered":"\n<p><strong>Carga apreendida \u00e9 avaliada em mais de R$ 3 milh\u00f5es<\/strong><\/p>\n\n\n\n<p>A carga de maconha apreendida na tarde desta quinta-feira, 29, durante uma opera\u00e7\u00e3o conjunta entre a PRF e a PM em Uni\u00e3o da Vit\u00f3ria est\u00e1 avaliada em mais de R$ 3,7 milh\u00f5es.<\/p>\n\n\n\n<figure class=\"wp-block-image size-full\"><img loading=\"lazy\" decoding=\"async\" width=\"598\" height=\"204\" src=\"https:\/\/radiostudiow.com.br\/site\/wp-content\/uploads\/2024\/01\/SITE-MEDIO.png\" alt=\"\" class=\"wp-image-18916\" srcset=\"https:\/\/radiostudiow.com.br\/site\/wp-content\/uploads\/2024\/01\/SITE-MEDIO.png 598w, https:\/\/radiostudiow.com.br\/site\/wp-content\/uploads\/2024\/01\/SITE-MEDIO-300x102.png 300w\" sizes=\"auto, (max-width: 598px) 100vw, 598px\" \/><\/figure>\n\n\n\n<p><strong>O condutor, J.H.M natural de Francisco Beltr\u00e3o foi preso. Ele transportaria a droga de Cascavel at\u00e9 S\u00e3o Paulo.<\/strong><\/p>\n\n\n\n<p>Segundo a PM, a opera\u00e7\u00e3o conjunta com a PRF foi desencadeada depois do recebimento de den\u00fancias an\u00f4nimas.<\/p>\n\n\n\n<p>O condutor do caminh\u00e3o inicialmente n\u00e3o acatou as ordens de parada e fugiu para uma regi\u00e3o de mata. Ele foi perseguido e alcan\u00e7ado.<\/p>\n\n\n\n<p>Durante verifica\u00e7\u00e3o da carga, no interior dos paletes com caixas de leite foram encontrados fundos falsos para transporte de subst\u00e2ncia entorpecente.<\/p>\n\n\n\n<figure class=\"wp-block-image size-full\"><img decoding=\"async\" src=\"https:\/\/radiostudiow.com.br\/site\/wp-content\/uploads\/2024\/03\/SITE-MEDIO4.png\" alt=\"\" class=\"wp-image-20117\"\/><\/figure>\n\n\n\n<h3 class=\"wp-block-heading\">Devido ao volume expressivo de drogas, foi necess\u00e1rio solicitar apoio a uma transportadora em Uni\u00e3o da Vit\u00f3ria para descarregar a carga e fazer a pesagem da droga, que ap\u00f3s aferida totalizou 2510 kg.<\/h3>\n","protected":false},"excerpt":{"rendered":"<p>Carga apreendida \u00e9 avaliada em mais de R$ 3 milh\u00f5es A carga de maconha apreendida na tarde desta quinta-feira, 29, durante uma opera\u00e7\u00e3o conjunta entre a PRF e a PM em Uni\u00e3o da Vit\u00f3ria est\u00e1 avaliada em mais de R$ 3,7 milh\u00f5es. O condutor, J.H.M natural de Francisco Beltr\u00e3o foi preso. Ele transportaria a droga [&hellip;]<\/p>\n","protected":false},"author":2,"featured_media":20158,"comment_status":"open","ping_status":"open","sticky":false,"template":"","format":"standard","meta":{"footnotes":""},"categories":[2],"tags":[172],"class_list":["post-20103","post","type-post","status-publish","format-standard","has-post-thumbnail","hentry","category-policial","tag-featured"],"amp_enabled":true,"_links":{"self":[{"href":"https:\/\/radiostudiow.com.br\/site\/wp-json\/wp\/v2\/posts\/20103","targetHints":{"allow":["GET"]}}],"collection":[{"href":"https:\/\/radiostudiow.com.br\/site\/wp-json\/wp\/v2\/posts"}],"about":[{"href":"https:\/\/radiostudiow.com.br\/site\/wp-json\/wp\/v2\/types\/post"}],"author":[{"embeddable":true,"href":"https:\/\/radiostudiow.com.br\/site\/wp-json\/wp\/v2\/users\/2"}],"replies":[{"embeddable":true,"href":"https:\/\/radiostudiow.com.br\/site\/wp-json\/wp\/v2\/comments?post=20103"}],"version-history":[{"count":2,"href":"https:\/\/radiostudiow.com.br\/site\/wp-json\/wp\/v2\/posts\/20103\/revisions"}],"predecessor-version":[{"id":20159,"href":"https:\/\/radiostudiow.com.br\/site\/wp-json\/wp\/v2\/posts\/20103\/revisions\/20159"}],"wp:featuredmedia":[{"embeddable":true,"href":"https:\/\/radiostudiow.com.br\/site\/wp-json\/wp\/v2\/media\/20158"}],"wp:attachment":[{"href":"https:\/\/radiostudiow.com.br\/site\/wp-json\/wp\/v2\/media?parent=20103"}],"wp:term":[{"taxonomy":"category","embeddable":true,"href":"https:\/\/radiostudiow.com.br\/site\/wp-json\/wp\/v2\/categories?post=20103"},{"taxonomy":"post_tag","embeddable":true,"href":"https:\/\/radiostudiow.com.br\/site\/wp-json\/wp\/v2\/tags?post=20103"}],"curies":[{"name":"wp","href":"https:\/\/api.w.org\/{rel}","templated":true}]}}