{"id":20109,"date":"2024-03-02T09:20:31","date_gmt":"2024-03-02T12:20:31","guid":{"rendered":"https:\/\/radiostudiow.com.br\/site\/?p=20109"},"modified":"2025-01-31T15:02:09","modified_gmt":"2025-01-31T18:02:09","slug":"celular-e-furtado-de-carro-na-area-central-de-mallet","status":"publish","type":"post","link":"https:\/\/radiostudiow.com.br\/site\/2024\/03\/02\/celular-e-furtado-de-carro-na-area-central-de-mallet\/","title":{"rendered":"Celular \u00e9 furtado de carro na \u00e1rea central de Mallet"},"content":{"rendered":"\n<figure class=\"wp-block-image size-full\"><img loading=\"lazy\" decoding=\"async\" width=\"897\" height=\"204\" src=\"https:\/\/radiostudiow.com.br\/site\/wp-content\/uploads\/2024\/01\/SITE-GRANDE3.png\" alt=\"zaions\" class=\"wp-image-18936\" srcset=\"https:\/\/radiostudiow.com.br\/site\/wp-content\/uploads\/2024\/01\/SITE-GRANDE3.png 897w, https:\/\/radiostudiow.com.br\/site\/wp-content\/uploads\/2024\/01\/SITE-GRANDE3-300x68.png 300w, https:\/\/radiostudiow.com.br\/site\/wp-content\/uploads\/2024\/01\/SITE-GRANDE3-768x175.png 768w\" sizes=\"auto, (max-width: 897px) 100vw, 897px\" \/><\/figure>\n\n\n\n<p>Um homem compareceu ao Pelot\u00e3o da Pol\u00edcia Militar de Mallet por volta das 15:00 horas dessa quinta-feira, 29 de fevereiro, para relatar uma situa\u00e7\u00e3o de furto.<\/p>\n\n\n\n<p>De acordo com o solicitante, ele deixou seu celular Galaxy A13 no painel de seu carro e desembarcou em alguns estabelecimentos comerciais pela \u00e1rea central da cidade. Mas s\u00f3 no momento que retornou para casa percebeu que o aparelho celular n\u00e3o estava mais no ve\u00edculo.<\/p>\n\n\n\n<figure class=\"wp-block-image size-large\"><img decoding=\"async\" src=\"https:\/\/radiostudiow.com.br\/site\/wp-content\/uploads\/2024\/02\/capa-1024x387.jpg\" alt=\"\" class=\"wp-image-19551\"\/><\/figure>\n\n\n\n<p>A equipe policial foi at\u00e9 um estabelecimento comercial para visualizar algumas c\u00e2meras, a fim de identificar o poss\u00edvel autor do furto<\/p>\n\n\n\n<p>Diante da situa\u00e7\u00e3o os policiais orientaram a v\u00edtima quanto aos procedimentos cab\u00edveis.<\/p>\n","protected":false},"excerpt":{"rendered":"<p>Um homem compareceu ao Pelot\u00e3o da Pol\u00edcia Militar de Mallet por volta das 15:00 horas dessa quinta-feira, 29 de fevereiro, para relatar uma situa\u00e7\u00e3o de furto. De acordo com o solicitante, ele deixou seu celular Galaxy A13 no painel de seu carro e desembarcou em alguns estabelecimentos comerciais pela \u00e1rea central da cidade. Mas s\u00f3 [&hellip;]<\/p>\n","protected":false},"author":2,"featured_media":17329,"comment_status":"open","ping_status":"open","sticky":false,"template":"","format":"standard","meta":{"footnotes":""},"categories":[2],"tags":[172],"class_list":["post-20109","post","type-post","status-publish","format-standard","has-post-thumbnail","hentry","category-policial","tag-featured"],"amp_enabled":true,"_links":{"self":[{"href":"https:\/\/radiostudiow.com.br\/site\/wp-json\/wp\/v2\/posts\/20109","targetHints":{"allow":["GET"]}}],"collection":[{"href":"https:\/\/radiostudiow.com.br\/site\/wp-json\/wp\/v2\/posts"}],"about":[{"href":"https:\/\/radiostudiow.com.br\/site\/wp-json\/wp\/v2\/types\/post"}],"author":[{"embeddable":true,"href":"https:\/\/radiostudiow.com.br\/site\/wp-json\/wp\/v2\/users\/2"}],"replies":[{"embeddable":true,"href":"https:\/\/radiostudiow.com.br\/site\/wp-json\/wp\/v2\/comments?post=20109"}],"version-history":[{"count":5,"href":"https:\/\/radiostudiow.com.br\/site\/wp-json\/wp\/v2\/posts\/20109\/revisions"}],"predecessor-version":[{"id":20156,"href":"https:\/\/radiostudiow.com.br\/site\/wp-json\/wp\/v2\/posts\/20109\/revisions\/20156"}],"wp:featuredmedia":[{"embeddable":true,"href":"https:\/\/radiostudiow.com.br\/site\/wp-json\/wp\/v2\/media\/17329"}],"wp:attachment":[{"href":"https:\/\/radiostudiow.com.br\/site\/wp-json\/wp\/v2\/media?parent=20109"}],"wp:term":[{"taxonomy":"category","embeddable":true,"href":"https:\/\/radiostudiow.com.br\/site\/wp-json\/wp\/v2\/categories?post=20109"},{"taxonomy":"post_tag","embeddable":true,"href":"https:\/\/radiostudiow.com.br\/site\/wp-json\/wp\/v2\/tags?post=20109"}],"curies":[{"name":"wp","href":"https:\/\/api.w.org\/{rel}","templated":true}]}}