{"id":20136,"date":"2024-03-02T09:35:07","date_gmt":"2024-03-02T12:35:07","guid":{"rendered":"https:\/\/radiostudiow.com.br\/site\/?p=20136"},"modified":"2025-01-31T15:02:09","modified_gmt":"2025-01-31T18:02:09","slug":"homem-de-39-anos-e-preso-em-reboucas-apos-trocar-mensagens-beijar-e-acariciar-menor-de-idade","status":"publish","type":"post","link":"https:\/\/radiostudiow.com.br\/site\/2024\/03\/02\/homem-de-39-anos-e-preso-em-reboucas-apos-trocar-mensagens-beijar-e-acariciar-menor-de-idade\/","title":{"rendered":"Homem de 39 anos \u00e9 preso em Rebou\u00e7as ap\u00f3s trocar mensagens, beijar e acariciar menor de idade"},"content":{"rendered":"\n<p>Os Policiais Civis lotados em Rebou\u00e7as prenderam o suspeito L.G., de 39 anos de idade, investigado por trocar mensagens de cunho aliciador via WhatsApp com a v\u00edtima L.A.B.F.P., menor de 14 anos de idade, exigindo a pr\u00e1tica da conjun\u00e7\u00e3o carnal, al\u00e9m de ter beijado a menor e passado a m\u00e3o em seu corpo.<\/p>\n\n\n\n<figure class=\"wp-block-image size-full\"><img decoding=\"async\" src=\"https:\/\/radiostudiow.com.br\/site\/wp-content\/uploads\/2024\/01\/SITE-GRANDE2.png\" alt=\"\" class=\"wp-image-18938\"\/><\/figure>\n\n\n\n<p>O homem preso foi interrogado e conduzido ao sistema penitenci\u00e1rio na manh\u00e3 de sexta-feira (1\u00ba).<\/p>\n\n\n\n<p>A Pol\u00edcia Civil do Paran\u00e1 ressalta que trabalha constantemente no combate \u00e0 viol\u00eancia contra crian\u00e7as e adolescentes, conduzindo investiga\u00e7\u00f5es, solicitando medidas protetiva e realizando pris\u00f5es dos autores.<\/p>\n\n\n\n<p>PCPR solicita a colabora\u00e7\u00e3o da popula\u00e7\u00e3o com informa\u00e7\u00f5es que auxiliem em investiga\u00e7\u00f5es contra esse tipo de crime. As den\u00fancias podem ser feitas de forma an\u00f4nima, pelo n\u00famero 197 (PCPR), ou 181 do (Disque den\u00fancia).<\/p>\n\n\n\n<figure class=\"wp-block-image size-large\"><img decoding=\"async\" src=\"https:\/\/radiostudiow.com.br\/site\/wp-content\/uploads\/2024\/02\/capa-1024x387.jpg\" alt=\"\" class=\"wp-image-19551\"\/><\/figure>\n","protected":false},"excerpt":{"rendered":"<p>Os Policiais Civis lotados em Rebou\u00e7as prenderam o suspeito L.G., de 39 anos de idade, investigado por trocar mensagens de cunho aliciador via WhatsApp com a v\u00edtima L.A.B.F.P., menor de 14 anos de idade, exigindo a pr\u00e1tica da conjun\u00e7\u00e3o carnal, al\u00e9m de ter beijado a menor e passado a m\u00e3o em seu corpo. O homem [&hellip;]<\/p>\n","protected":false},"author":2,"featured_media":20169,"comment_status":"open","ping_status":"open","sticky":false,"template":"","format":"standard","meta":{"footnotes":""},"categories":[2],"tags":[172],"class_list":["post-20136","post","type-post","status-publish","format-standard","has-post-thumbnail","hentry","category-policial","tag-featured"],"amp_enabled":true,"_links":{"self":[{"href":"https:\/\/radiostudiow.com.br\/site\/wp-json\/wp\/v2\/posts\/20136","targetHints":{"allow":["GET"]}}],"collection":[{"href":"https:\/\/radiostudiow.com.br\/site\/wp-json\/wp\/v2\/posts"}],"about":[{"href":"https:\/\/radiostudiow.com.br\/site\/wp-json\/wp\/v2\/types\/post"}],"author":[{"embeddable":true,"href":"https:\/\/radiostudiow.com.br\/site\/wp-json\/wp\/v2\/users\/2"}],"replies":[{"embeddable":true,"href":"https:\/\/radiostudiow.com.br\/site\/wp-json\/wp\/v2\/comments?post=20136"}],"version-history":[{"count":2,"href":"https:\/\/radiostudiow.com.br\/site\/wp-json\/wp\/v2\/posts\/20136\/revisions"}],"predecessor-version":[{"id":20170,"href":"https:\/\/radiostudiow.com.br\/site\/wp-json\/wp\/v2\/posts\/20136\/revisions\/20170"}],"wp:featuredmedia":[{"embeddable":true,"href":"https:\/\/radiostudiow.com.br\/site\/wp-json\/wp\/v2\/media\/20169"}],"wp:attachment":[{"href":"https:\/\/radiostudiow.com.br\/site\/wp-json\/wp\/v2\/media?parent=20136"}],"wp:term":[{"taxonomy":"category","embeddable":true,"href":"https:\/\/radiostudiow.com.br\/site\/wp-json\/wp\/v2\/categories?post=20136"},{"taxonomy":"post_tag","embeddable":true,"href":"https:\/\/radiostudiow.com.br\/site\/wp-json\/wp\/v2\/tags?post=20136"}],"curies":[{"name":"wp","href":"https:\/\/api.w.org\/{rel}","templated":true}]}}