{"id":20150,"date":"2024-03-02T10:21:59","date_gmt":"2024-03-02T13:21:59","guid":{"rendered":"https:\/\/radiostudiow.com.br\/site\/?p=20150"},"modified":"2025-01-31T15:02:09","modified_gmt":"2025-01-31T18:02:09","slug":"pm-de-mallet-registra-perturbacao-de-sossego-no-bairro-vila-sao-pedro","status":"publish","type":"post","link":"https:\/\/radiostudiow.com.br\/site\/2024\/03\/02\/pm-de-mallet-registra-perturbacao-de-sossego-no-bairro-vila-sao-pedro\/","title":{"rendered":"PM de Mallet registra perturba\u00e7\u00e3o de sossego no bairro Vila S\u00e3o Pedro"},"content":{"rendered":"\n<p>Um senhor acionou a equipe da Pol\u00edcia Militar de Mallet por volta das 23:44 horas dessa sexta-feira, 01 de mar\u00e7o, ap\u00f3s perturba\u00e7\u00e3o de sossego com som alto na resid\u00eancia do vizinho.<\/p>\n\n\n\n<figure class=\"wp-block-image size-full is-resized\"><img decoding=\"async\" src=\"https:\/\/radiostudiow.com.br\/site\/wp-content\/uploads\/2024\/01\/SITE-GRANDE.png\" alt=\"\" class=\"wp-image-18949\" style=\"width:748px;height:auto\"\/><\/figure>\n\n\n\n<p>Os policiais se deslocaram at\u00e9 o local no Bairro Vila S\u00e3o Pedro, onde estaria ocorrendo muita algazarra com som alto.<\/p>\n\n\n\n<p>Em contato com o propriet\u00e1rio da resid\u00eancia, ele relatou que estaria ocorrendo uma reuni\u00e3o familiar e se prontificou em desligar o som.<\/p>\n\n\n\n<p>Diante da situa\u00e7\u00e3o, coube orienta\u00e7\u00e3o policial.<\/p>\n\n\n\n<figure class=\"wp-block-image size-large\"><img decoding=\"async\" src=\"https:\/\/radiostudiow.com.br\/site\/wp-content\/uploads\/2024\/02\/capa-1024x387.jpg\" alt=\"\" class=\"wp-image-19551\"\/><\/figure>\n","protected":false},"excerpt":{"rendered":"<p>Um senhor acionou a equipe da Pol\u00edcia Militar de Mallet por volta das 23:44 horas dessa sexta-feira, 01 de mar\u00e7o, ap\u00f3s perturba\u00e7\u00e3o de sossego com som alto na resid\u00eancia do vizinho. Os policiais se deslocaram at\u00e9 o local no Bairro Vila S\u00e3o Pedro, onde estaria ocorrendo muita algazarra com som alto. Em contato com o [&hellip;]<\/p>\n","protected":false},"author":2,"featured_media":10718,"comment_status":"open","ping_status":"open","sticky":false,"template":"","format":"standard","meta":{"footnotes":""},"categories":[2],"tags":[172],"class_list":["post-20150","post","type-post","status-publish","format-standard","has-post-thumbnail","hentry","category-policial","tag-featured"],"amp_enabled":true,"_links":{"self":[{"href":"https:\/\/radiostudiow.com.br\/site\/wp-json\/wp\/v2\/posts\/20150","targetHints":{"allow":["GET"]}}],"collection":[{"href":"https:\/\/radiostudiow.com.br\/site\/wp-json\/wp\/v2\/posts"}],"about":[{"href":"https:\/\/radiostudiow.com.br\/site\/wp-json\/wp\/v2\/types\/post"}],"author":[{"embeddable":true,"href":"https:\/\/radiostudiow.com.br\/site\/wp-json\/wp\/v2\/users\/2"}],"replies":[{"embeddable":true,"href":"https:\/\/radiostudiow.com.br\/site\/wp-json\/wp\/v2\/comments?post=20150"}],"version-history":[{"count":3,"href":"https:\/\/radiostudiow.com.br\/site\/wp-json\/wp\/v2\/posts\/20150\/revisions"}],"predecessor-version":[{"id":20181,"href":"https:\/\/radiostudiow.com.br\/site\/wp-json\/wp\/v2\/posts\/20150\/revisions\/20181"}],"wp:featuredmedia":[{"embeddable":true,"href":"https:\/\/radiostudiow.com.br\/site\/wp-json\/wp\/v2\/media\/10718"}],"wp:attachment":[{"href":"https:\/\/radiostudiow.com.br\/site\/wp-json\/wp\/v2\/media?parent=20150"}],"wp:term":[{"taxonomy":"category","embeddable":true,"href":"https:\/\/radiostudiow.com.br\/site\/wp-json\/wp\/v2\/categories?post=20150"},{"taxonomy":"post_tag","embeddable":true,"href":"https:\/\/radiostudiow.com.br\/site\/wp-json\/wp\/v2\/tags?post=20150"}],"curies":[{"name":"wp","href":"https:\/\/api.w.org\/{rel}","templated":true}]}}