{"id":20188,"date":"2024-03-02T12:40:05","date_gmt":"2024-03-02T15:40:05","guid":{"rendered":"https:\/\/radiostudiow.com.br\/site\/?p=20188"},"modified":"2025-01-31T15:02:09","modified_gmt":"2025-01-31T18:02:09","slug":"foragido-da-justica-e-preso-pela-policia-militar-e-civil-de-mallet","status":"publish","type":"post","link":"https:\/\/radiostudiow.com.br\/site\/2024\/03\/02\/foragido-da-justica-e-preso-pela-policia-militar-e-civil-de-mallet\/","title":{"rendered":"FORAGIDO DA JUSTI\u00c7A \u00c9 PRESO PELA POL\u00cdCIA MILITAR E CIVIL DE MALLET"},"content":{"rendered":"\n<p>No final da tarde desta sexta-feira (01), por volta das 16:40 horas, ap\u00f3s den\u00fancias de que&nbsp;o acusado de efetuar tiros contra os policiais no dia 25 de janeiro deste ano, no Bairro Vila Caroline, estaria&nbsp; em sua casa no Jardim Em\u00edlia na cidade de Mallet.<\/p>\n\n\n\n<figure class=\"wp-block-image\"><img decoding=\"async\" src=\"https:\/\/radiostudiow.com.br\/site\/wp-content\/uploads\/2024\/02\/image-37-1024x390.png\" alt=\"\" class=\"wp-image-20080\"\/><\/figure>\n\n\n\n<p>Por se tratar de um foragido&nbsp; da justi\u00e7a,&nbsp; a equipe da Pol\u00edcia Militar juntamente com os policiais civis da 10\u00aa DRP, cumpriram o Mandado Judicial, cercando o local, realizando a abordagem e localizando o autor.<\/p>\n\n\n\n<p>Foi dada voz de pris\u00e3o, lido seus direitos constitucionais e encaminhado at\u00e9 o Sistema Prisional de Uni\u00e3o da Vit\u00f3ria, para as devidas provid\u00eancias judiciais.<\/p>\n\n\n\n<p>De acordo com os policiais, n\u00e3o houve resist\u00eancia&nbsp; no ato da pris\u00e3o, por\u00e9m na chegada&nbsp; da equipe o acusado tentou&nbsp; sair pelos&nbsp; fundos&nbsp; da resid\u00eancia,&nbsp; mas como havia&nbsp; uma&nbsp; equipe em uma rua lateral, foi logrado \u00eaxito na pris\u00e3o do indiv\u00edduo.<\/p>\n\n\n\n<figure class=\"wp-block-image\"><img loading=\"lazy\" decoding=\"async\" width=\"897\" height=\"204\" src=\"https:\/\/radiostudiow.com.br\/site\/wp-content\/uploads\/2024\/01\/SITE-GRANDE3.png\" alt=\"zaions\" class=\"wp-image-18936\" srcset=\"https:\/\/radiostudiow.com.br\/site\/wp-content\/uploads\/2024\/01\/SITE-GRANDE3.png 897w, https:\/\/radiostudiow.com.br\/site\/wp-content\/uploads\/2024\/01\/SITE-GRANDE3-300x68.png 300w, https:\/\/radiostudiow.com.br\/site\/wp-content\/uploads\/2024\/01\/SITE-GRANDE3-768x175.png 768w\" sizes=\"auto, (max-width: 897px) 100vw, 897px\" \/><\/figure>\n\n\n\n<p>Relembre o fato:<\/p>\n\n\n\n<figure class=\"wp-block-embed is-type-wp-embed is-provider-studio-w wp-block-embed-studio-w\"><div class=\"wp-block-embed__wrapper\">\n<blockquote class=\"wp-embedded-content\" data-secret=\"c4WF6jfwzJ\"><a href=\"https:\/\/radiostudiow.com.br\/site\/2024\/01\/25\/suspeito-de-trafico-de-drogas-e-abordadofoge-e-troca-tiros-com-os-policiais-militares-em-mallet\/\">SUSPEITO DE TR\u00c1FICO DE DROGAS \u00c9 ABORDADO,FOGE E TROCA\u00a0 TIROS\u00a0 COM OS POLICIAIS MILITARES EM MALLET<\/a><\/blockquote><iframe loading=\"lazy\" class=\"wp-embedded-content\" sandbox=\"allow-scripts\" security=\"restricted\" style=\"position: absolute; clip: rect(1px, 1px, 1px, 1px);\" title=\"&#8220;SUSPEITO DE TR\u00c1FICO DE DROGAS \u00c9 ABORDADO,FOGE E TROCA\u00a0 TIROS\u00a0 COM OS POLICIAIS MILITARES EM MALLET&#8221; &#8212; Studio W\" src=\"https:\/\/radiostudiow.com.br\/site\/2024\/01\/25\/suspeito-de-trafico-de-drogas-e-abordadofoge-e-troca-tiros-com-os-policiais-militares-em-mallet\/embed\/#?secret=TWTCEEFUt2#?secret=c4WF6jfwzJ\" data-secret=\"c4WF6jfwzJ\" width=\"600\" height=\"338\" frameborder=\"0\" marginwidth=\"0\" marginheight=\"0\" scrolling=\"no\"><\/iframe>\n<\/div><\/figure>\n","protected":false},"excerpt":{"rendered":"<p>No final da tarde desta sexta-feira (01), por volta das 16:40 horas, ap\u00f3s den\u00fancias de que&nbsp;o acusado de efetuar tiros contra os policiais no dia 25 de janeiro deste ano, no Bairro Vila Caroline, estaria&nbsp; em sua casa no Jardim Em\u00edlia na cidade de Mallet. Por se tratar de um foragido&nbsp; da justi\u00e7a,&nbsp; a equipe [&hellip;]<\/p>\n","protected":false},"author":2,"featured_media":20189,"comment_status":"open","ping_status":"open","sticky":false,"template":"","format":"standard","meta":{"footnotes":""},"categories":[2],"tags":[172],"class_list":["post-20188","post","type-post","status-publish","format-standard","has-post-thumbnail","hentry","category-policial","tag-featured"],"amp_enabled":true,"_links":{"self":[{"href":"https:\/\/radiostudiow.com.br\/site\/wp-json\/wp\/v2\/posts\/20188","targetHints":{"allow":["GET"]}}],"collection":[{"href":"https:\/\/radiostudiow.com.br\/site\/wp-json\/wp\/v2\/posts"}],"about":[{"href":"https:\/\/radiostudiow.com.br\/site\/wp-json\/wp\/v2\/types\/post"}],"author":[{"embeddable":true,"href":"https:\/\/radiostudiow.com.br\/site\/wp-json\/wp\/v2\/users\/2"}],"replies":[{"embeddable":true,"href":"https:\/\/radiostudiow.com.br\/site\/wp-json\/wp\/v2\/comments?post=20188"}],"version-history":[{"count":1,"href":"https:\/\/radiostudiow.com.br\/site\/wp-json\/wp\/v2\/posts\/20188\/revisions"}],"predecessor-version":[{"id":20190,"href":"https:\/\/radiostudiow.com.br\/site\/wp-json\/wp\/v2\/posts\/20188\/revisions\/20190"}],"wp:featuredmedia":[{"embeddable":true,"href":"https:\/\/radiostudiow.com.br\/site\/wp-json\/wp\/v2\/media\/20189"}],"wp:attachment":[{"href":"https:\/\/radiostudiow.com.br\/site\/wp-json\/wp\/v2\/media?parent=20188"}],"wp:term":[{"taxonomy":"category","embeddable":true,"href":"https:\/\/radiostudiow.com.br\/site\/wp-json\/wp\/v2\/categories?post=20188"},{"taxonomy":"post_tag","embeddable":true,"href":"https:\/\/radiostudiow.com.br\/site\/wp-json\/wp\/v2\/tags?post=20188"}],"curies":[{"name":"wp","href":"https:\/\/api.w.org\/{rel}","templated":true}]}}