{"id":20195,"date":"2024-03-04T21:13:36","date_gmt":"2024-03-05T00:13:36","guid":{"rendered":"https:\/\/radiostudiow.com.br\/site\/?p=20195"},"modified":"2025-01-31T15:02:09","modified_gmt":"2025-01-31T18:02:09","slug":"pm-de-mallet-registra-briga-em-via-publica","status":"publish","type":"post","link":"https:\/\/radiostudiow.com.br\/site\/2024\/03\/04\/pm-de-mallet-registra-briga-em-via-publica\/","title":{"rendered":"PM de Mallet registra briga em via p\u00fablica"},"content":{"rendered":"\n<p>Durante patrulhamento da Pol\u00edcia Militar na \u00e1rea central da Mallet, foi constatado uma situa\u00e7\u00e3o de les\u00e3o corporal e viol\u00eancia dom\u00e9stica por volta das 21:30 horas desse s\u00e1bado (02).<\/p>\n\n\n\n<figure class=\"wp-block-gallery has-nested-images columns-default is-cropped wp-block-gallery-1 is-layout-flex wp-block-gallery-is-layout-flex\">\n<figure class=\"wp-block-image size-large\"><img decoding=\"async\" data-id=\"18949\" src=\"https:\/\/radiostudiow.com.br\/site\/wp-content\/uploads\/2024\/01\/SITE-GRANDE.png\" alt=\"\" class=\"wp-image-18949\"\/><\/figure>\n<\/figure>\n\n\n\n<p>A equipe policial foi abordada por populares que passaram a relatar estar ocorrendo uma briga em via p\u00fablica, os policiais prontamente se deslocaram at\u00e9 o local e avistou um casal e mais dois homens em via de fato.<\/p>\n\n\n\n<p>Ap\u00f3s conter os envolvidos, todos foram conduzidos at\u00e9 a 4\u00aa SDP para demais esclarecimentos.<\/p>\n","protected":false},"excerpt":{"rendered":"<p>Durante patrulhamento da Pol\u00edcia Militar na \u00e1rea central da Mallet, foi constatado uma situa\u00e7\u00e3o de les\u00e3o corporal e viol\u00eancia dom\u00e9stica por volta das 21:30 horas desse s\u00e1bado (02). A equipe policial foi abordada por populares que passaram a relatar estar ocorrendo uma briga em via p\u00fablica, os policiais prontamente se deslocaram at\u00e9 o local e [&hellip;]<\/p>\n","protected":false},"author":2,"featured_media":20237,"comment_status":"open","ping_status":"open","sticky":false,"template":"","format":"standard","meta":{"footnotes":""},"categories":[2],"tags":[172],"class_list":["post-20195","post","type-post","status-publish","format-standard","has-post-thumbnail","hentry","category-policial","tag-featured"],"amp_enabled":true,"_links":{"self":[{"href":"https:\/\/radiostudiow.com.br\/site\/wp-json\/wp\/v2\/posts\/20195","targetHints":{"allow":["GET"]}}],"collection":[{"href":"https:\/\/radiostudiow.com.br\/site\/wp-json\/wp\/v2\/posts"}],"about":[{"href":"https:\/\/radiostudiow.com.br\/site\/wp-json\/wp\/v2\/types\/post"}],"author":[{"embeddable":true,"href":"https:\/\/radiostudiow.com.br\/site\/wp-json\/wp\/v2\/users\/2"}],"replies":[{"embeddable":true,"href":"https:\/\/radiostudiow.com.br\/site\/wp-json\/wp\/v2\/comments?post=20195"}],"version-history":[{"count":4,"href":"https:\/\/radiostudiow.com.br\/site\/wp-json\/wp\/v2\/posts\/20195\/revisions"}],"predecessor-version":[{"id":20238,"href":"https:\/\/radiostudiow.com.br\/site\/wp-json\/wp\/v2\/posts\/20195\/revisions\/20238"}],"wp:featuredmedia":[{"embeddable":true,"href":"https:\/\/radiostudiow.com.br\/site\/wp-json\/wp\/v2\/media\/20237"}],"wp:attachment":[{"href":"https:\/\/radiostudiow.com.br\/site\/wp-json\/wp\/v2\/media?parent=20195"}],"wp:term":[{"taxonomy":"category","embeddable":true,"href":"https:\/\/radiostudiow.com.br\/site\/wp-json\/wp\/v2\/categories?post=20195"},{"taxonomy":"post_tag","embeddable":true,"href":"https:\/\/radiostudiow.com.br\/site\/wp-json\/wp\/v2\/tags?post=20195"}],"curies":[{"name":"wp","href":"https:\/\/api.w.org\/{rel}","templated":true}]}}