{"id":20199,"date":"2024-03-04T21:25:25","date_gmt":"2024-03-05T00:25:25","guid":{"rendered":"https:\/\/radiostudiow.com.br\/site\/?p=20199"},"modified":"2025-01-31T15:02:09","modified_gmt":"2025-01-31T18:02:09","slug":"gravida-procura-policia-apos-ser-agredida-pelo-marido-em-paulo-frontin","status":"publish","type":"post","link":"https:\/\/radiostudiow.com.br\/site\/2024\/03\/04\/gravida-procura-policia-apos-ser-agredida-pelo-marido-em-paulo-frontin\/","title":{"rendered":"Gr\u00e1vida procura pol\u00edcia ap\u00f3s ser agredida pelo marido em Paulo Frontin"},"content":{"rendered":"\n<p>Uma moradora da Col\u00f4nia Santana compareceu ao Pelot\u00e3o da Pol\u00edcia Militar de Paulo Frontin relatando uma ocorr\u00eancia de Viol\u00eancia Dom\u00e9stica por volta das 22 horas desse domingo (03).<\/p>\n\n\n\n<figure class=\"wp-block-image size-full\"><img decoding=\"async\" src=\"https:\/\/radiostudiow.com.br\/site\/wp-content\/uploads\/2024\/01\/SITE-GRANDE2.png\" alt=\"\" class=\"wp-image-18938\"\/><\/figure>\n\n\n\n<p>A solicitante, que afirmou estar gr\u00e1vida de 11 semana, acompanhada pelo seu pai, relatou que no dia 02 de mar\u00e7o estava em sua casa falando com seu pai atrav\u00e9s do aplicativo WhatsApp, quando seu convivente tomou o seu celular e escondeu, alegando &#8220;Voc\u00ea est\u00e1 falando mal de mim para seu pai\u201d.<\/p>\n\n\n\n<p>Nesse momento a solicitante tentou recuperar o celular, puxando da m\u00e3o do autor, mas n\u00e3o teve sucesso. Ap\u00f3s v\u00e1rias tentativas de recuperar o aparelho, o autor empurrou a v\u00edtima fazendo cair na cama e a segurou pelo pesco\u00e7o deixando v\u00e1rias les\u00f5es aparentes no pesco\u00e7o.<\/p>\n\n\n\n<figure class=\"wp-block-image size-large\"><img decoding=\"async\" src=\"https:\/\/radiostudiow.com.br\/site\/wp-content\/uploads\/2024\/02\/capa-1024x387.jpg\" alt=\"\" class=\"wp-image-19551\"\/><\/figure>\n\n\n\n<p>Diante dos fatos a v\u00edtima foi orientada pelos policiais quanto \u00c0 representa\u00e7\u00e3o na Lei Maria da Penha. A v\u00edtima deseja medida cautelar, pois tem medo que seu convivente venha a tentar novamente contra sua integridade f\u00edsica.<\/p>\n","protected":false},"excerpt":{"rendered":"<p>Uma moradora da Col\u00f4nia Santana compareceu ao Pelot\u00e3o da Pol\u00edcia Militar de Paulo Frontin relatando uma ocorr\u00eancia de Viol\u00eancia Dom\u00e9stica por volta das 22 horas desse domingo (03). A solicitante, que afirmou estar gr\u00e1vida de 11 semana, acompanhada pelo seu pai, relatou que no dia 02 de mar\u00e7o estava em sua casa falando com seu [&hellip;]<\/p>\n","protected":false},"author":2,"featured_media":18052,"comment_status":"open","ping_status":"open","sticky":false,"template":"","format":"standard","meta":{"footnotes":""},"categories":[2],"tags":[172],"class_list":["post-20199","post","type-post","status-publish","format-standard","has-post-thumbnail","hentry","category-policial","tag-featured"],"amp_enabled":true,"_links":{"self":[{"href":"https:\/\/radiostudiow.com.br\/site\/wp-json\/wp\/v2\/posts\/20199","targetHints":{"allow":["GET"]}}],"collection":[{"href":"https:\/\/radiostudiow.com.br\/site\/wp-json\/wp\/v2\/posts"}],"about":[{"href":"https:\/\/radiostudiow.com.br\/site\/wp-json\/wp\/v2\/types\/post"}],"author":[{"embeddable":true,"href":"https:\/\/radiostudiow.com.br\/site\/wp-json\/wp\/v2\/users\/2"}],"replies":[{"embeddable":true,"href":"https:\/\/radiostudiow.com.br\/site\/wp-json\/wp\/v2\/comments?post=20199"}],"version-history":[{"count":4,"href":"https:\/\/radiostudiow.com.br\/site\/wp-json\/wp\/v2\/posts\/20199\/revisions"}],"predecessor-version":[{"id":20249,"href":"https:\/\/radiostudiow.com.br\/site\/wp-json\/wp\/v2\/posts\/20199\/revisions\/20249"}],"wp:featuredmedia":[{"embeddable":true,"href":"https:\/\/radiostudiow.com.br\/site\/wp-json\/wp\/v2\/media\/18052"}],"wp:attachment":[{"href":"https:\/\/radiostudiow.com.br\/site\/wp-json\/wp\/v2\/media?parent=20199"}],"wp:term":[{"taxonomy":"category","embeddable":true,"href":"https:\/\/radiostudiow.com.br\/site\/wp-json\/wp\/v2\/categories?post=20199"},{"taxonomy":"post_tag","embeddable":true,"href":"https:\/\/radiostudiow.com.br\/site\/wp-json\/wp\/v2\/tags?post=20199"}],"curies":[{"name":"wp","href":"https:\/\/api.w.org\/{rel}","templated":true}]}}