{"id":20214,"date":"2024-03-04T17:32:11","date_gmt":"2024-03-04T20:32:11","guid":{"rendered":"https:\/\/radiostudiow.com.br\/site\/?p=20214"},"modified":"2025-01-31T15:02:09","modified_gmt":"2025-01-31T18:02:09","slug":"homem-e-preso-com-diversas-armas-e-facas-em-uniao-da-vitoria","status":"publish","type":"post","link":"https:\/\/radiostudiow.com.br\/site\/2024\/03\/04\/homem-e-preso-com-diversas-armas-e-facas-em-uniao-da-vitoria\/","title":{"rendered":"Homem \u00e9 preso com diversas armas e facas em Uni\u00e3o da Vit\u00f3ria"},"content":{"rendered":"\n<p>Homem \u00e9 preso com diversas armas e facas em Uni\u00e3o da Vit\u00f3ria<\/p>\n\n\n\n<p>A Pol\u00edcia Militar realizou a apreens\u00e3o de diversas facas e armas de fogo durante uma ocorr\u00eancia registrada no meio da tarde desse domingo, dia 03 de mar\u00e7o, por volta das 15h45, no bairro Limeira em Uni\u00e3o da Vit\u00f3ria.<\/p>\n\n\n\n<figure class=\"wp-block-image size-large\"><img decoding=\"async\" src=\"https:\/\/radiostudiow.com.br\/site\/wp-content\/uploads\/2024\/02\/capa-1024x387.jpg\" alt=\"\" class=\"wp-image-19551\"\/><\/figure>\n\n\n\n<p>De acordo com informa\u00e7\u00f5es divulgadas para a imprensa, a Pol\u00edcia Militar foi acionada para verificar um caso de amea\u00e7a na rua Araci dos Santos Soares, aonde um homem estava amea\u00e7ando seus familiares.<\/p>\n\n\n\n<p>No local, ap\u00f3s apurar os fatos, a Pol\u00edcia abordou o suspeito e localizou com ele v\u00e1rias armas de fogo e diversas facas que foram apreendidas e entregues na delegacia. O homem tamb\u00e9m recebeu voz de pris\u00e3o e foi encaminhado para provid\u00eancias.<\/p>\n\n\n\n<figure class=\"wp-block-image size-full\"><img decoding=\"async\" src=\"https:\/\/radiostudiow.com.br\/site\/wp-content\/uploads\/2024\/01\/SITE-GRANDE2.png\" alt=\"\" class=\"wp-image-18938\"\/><\/figure>\n","protected":false},"excerpt":{"rendered":"<p>Homem \u00e9 preso com diversas armas e facas em Uni\u00e3o da Vit\u00f3ria A Pol\u00edcia Militar realizou a apreens\u00e3o de diversas facas e armas de fogo durante uma ocorr\u00eancia registrada no meio da tarde desse domingo, dia 03 de mar\u00e7o, por volta das 15h45, no bairro Limeira em Uni\u00e3o da Vit\u00f3ria. De acordo com informa\u00e7\u00f5es divulgadas [&hellip;]<\/p>\n","protected":false},"author":2,"featured_media":20215,"comment_status":"open","ping_status":"open","sticky":false,"template":"","format":"standard","meta":{"footnotes":""},"categories":[2],"tags":[172],"class_list":["post-20214","post","type-post","status-publish","format-standard","has-post-thumbnail","hentry","category-policial","tag-featured"],"amp_enabled":true,"_links":{"self":[{"href":"https:\/\/radiostudiow.com.br\/site\/wp-json\/wp\/v2\/posts\/20214","targetHints":{"allow":["GET"]}}],"collection":[{"href":"https:\/\/radiostudiow.com.br\/site\/wp-json\/wp\/v2\/posts"}],"about":[{"href":"https:\/\/radiostudiow.com.br\/site\/wp-json\/wp\/v2\/types\/post"}],"author":[{"embeddable":true,"href":"https:\/\/radiostudiow.com.br\/site\/wp-json\/wp\/v2\/users\/2"}],"replies":[{"embeddable":true,"href":"https:\/\/radiostudiow.com.br\/site\/wp-json\/wp\/v2\/comments?post=20214"}],"version-history":[{"count":2,"href":"https:\/\/radiostudiow.com.br\/site\/wp-json\/wp\/v2\/posts\/20214\/revisions"}],"predecessor-version":[{"id":20234,"href":"https:\/\/radiostudiow.com.br\/site\/wp-json\/wp\/v2\/posts\/20214\/revisions\/20234"}],"wp:featuredmedia":[{"embeddable":true,"href":"https:\/\/radiostudiow.com.br\/site\/wp-json\/wp\/v2\/media\/20215"}],"wp:attachment":[{"href":"https:\/\/radiostudiow.com.br\/site\/wp-json\/wp\/v2\/media?parent=20214"}],"wp:term":[{"taxonomy":"category","embeddable":true,"href":"https:\/\/radiostudiow.com.br\/site\/wp-json\/wp\/v2\/categories?post=20214"},{"taxonomy":"post_tag","embeddable":true,"href":"https:\/\/radiostudiow.com.br\/site\/wp-json\/wp\/v2\/tags?post=20214"}],"curies":[{"name":"wp","href":"https:\/\/api.w.org\/{rel}","templated":true}]}}