{"id":20260,"date":"2024-03-06T09:57:25","date_gmt":"2024-03-06T12:57:25","guid":{"rendered":"https:\/\/radiostudiow.com.br\/site\/?p=20260"},"modified":"2025-01-31T15:02:09","modified_gmt":"2025-01-31T18:02:09","slug":"homem-com-mandado-de-prisao-pelos-crimes-de-roubo-ameaca-e-lesao-corporal-e-preso-em-porto-uniao","status":"publish","type":"post","link":"https:\/\/radiostudiow.com.br\/site\/2024\/03\/06\/homem-com-mandado-de-prisao-pelos-crimes-de-roubo-ameaca-e-lesao-corporal-e-preso-em-porto-uniao\/","title":{"rendered":"Homem com mandado de pris\u00e3o pelos crimes de roubo, amea\u00e7a e les\u00e3o corporal \u00e9 preso em Porto Uni\u00e3o"},"content":{"rendered":"\n<p>A Pol\u00edcia Militar da cidade de Porto Uni\u00e3o durante rondas pela rua Francisco de Souza Bacelar, no bairro Santa Rosa, efetuou o cumprimento de um mandado de pris\u00e3o por volta das 20:30 horas dessa segunda-feira (04).<\/p>\n\n\n\n<figure class=\"wp-block-image size-full\"><img decoding=\"async\" src=\"https:\/\/radiostudiow.com.br\/site\/wp-content\/uploads\/2024\/03\/SITE-MEDIO4.png\" alt=\"\" class=\"wp-image-20117\"\/><\/figure>\n\n\n\n<p>De acordo com informa\u00e7\u00f5es, os policiais avistaram um homem correndo em via p\u00fablica ap\u00f3s se deparar com a viatura. Ele foi abordado e alegou que estava utilizando tornozeleira eletr\u00f4nica e deveria estar recolhido em sua resid\u00eancia at\u00e9 as 20 horas.<\/p>\n\n\n\n<p>Durante consulta, a Pol\u00edcia ainda constatou que o homem tinha em seu desfavor um mandado de pris\u00e3o emitido pela Comarca de Porto Uni\u00e3o pelos crimes de roubo, amea\u00e7a e les\u00e3o corporal em contexto de viol\u00eancia dom\u00e9stica. Ele foi entregue na delegacia para provid\u00eancias.<\/p>\n\n\n\n<figure class=\"wp-block-image size-large\"><img decoding=\"async\" src=\"https:\/\/radiostudiow.com.br\/site\/wp-content\/uploads\/2024\/02\/capa-1024x387.jpg\" alt=\"\" class=\"wp-image-19551\"\/><\/figure>\n","protected":false},"excerpt":{"rendered":"<p>A Pol\u00edcia Militar da cidade de Porto Uni\u00e3o durante rondas pela rua Francisco de Souza Bacelar, no bairro Santa Rosa, efetuou o cumprimento de um mandado de pris\u00e3o por volta das 20:30 horas dessa segunda-feira (04). De acordo com informa\u00e7\u00f5es, os policiais avistaram um homem correndo em via p\u00fablica ap\u00f3s se deparar com a viatura. [&hellip;]<\/p>\n","protected":false},"author":2,"featured_media":15416,"comment_status":"open","ping_status":"open","sticky":false,"template":"","format":"standard","meta":{"footnotes":""},"categories":[2],"tags":[172],"class_list":["post-20260","post","type-post","status-publish","format-standard","has-post-thumbnail","hentry","category-policial","tag-featured"],"amp_enabled":true,"_links":{"self":[{"href":"https:\/\/radiostudiow.com.br\/site\/wp-json\/wp\/v2\/posts\/20260","targetHints":{"allow":["GET"]}}],"collection":[{"href":"https:\/\/radiostudiow.com.br\/site\/wp-json\/wp\/v2\/posts"}],"about":[{"href":"https:\/\/radiostudiow.com.br\/site\/wp-json\/wp\/v2\/types\/post"}],"author":[{"embeddable":true,"href":"https:\/\/radiostudiow.com.br\/site\/wp-json\/wp\/v2\/users\/2"}],"replies":[{"embeddable":true,"href":"https:\/\/radiostudiow.com.br\/site\/wp-json\/wp\/v2\/comments?post=20260"}],"version-history":[{"count":2,"href":"https:\/\/radiostudiow.com.br\/site\/wp-json\/wp\/v2\/posts\/20260\/revisions"}],"predecessor-version":[{"id":20286,"href":"https:\/\/radiostudiow.com.br\/site\/wp-json\/wp\/v2\/posts\/20260\/revisions\/20286"}],"wp:featuredmedia":[{"embeddable":true,"href":"https:\/\/radiostudiow.com.br\/site\/wp-json\/wp\/v2\/media\/15416"}],"wp:attachment":[{"href":"https:\/\/radiostudiow.com.br\/site\/wp-json\/wp\/v2\/media?parent=20260"}],"wp:term":[{"taxonomy":"category","embeddable":true,"href":"https:\/\/radiostudiow.com.br\/site\/wp-json\/wp\/v2\/categories?post=20260"},{"taxonomy":"post_tag","embeddable":true,"href":"https:\/\/radiostudiow.com.br\/site\/wp-json\/wp\/v2\/tags?post=20260"}],"curies":[{"name":"wp","href":"https:\/\/api.w.org\/{rel}","templated":true}]}}