{"id":20262,"date":"2024-03-05T17:54:06","date_gmt":"2024-03-05T20:54:06","guid":{"rendered":"https:\/\/radiostudiow.com.br\/site\/?p=20262"},"modified":"2025-01-31T15:02:09","modified_gmt":"2025-01-31T18:02:09","slug":"inscricoes-para-concurso-publico-da-policia-penal-do-parana-encerram-no-dia-22","status":"publish","type":"post","link":"https:\/\/radiostudiow.com.br\/site\/2024\/03\/05\/inscricoes-para-concurso-publico-da-policia-penal-do-parana-encerram-no-dia-22\/","title":{"rendered":"Inscri\u00e7\u00f5es para concurso p\u00fablico da Pol\u00edcia Penal do Paran\u00e1 encerram no dia 22"},"content":{"rendered":"\n<p>Permanecem abertas at\u00e9 22 de mar\u00e7o as inscri\u00e7\u00f5es para o concurso p\u00fablico da Pol\u00edcia Penal do Paran\u00e1 (PPPR).&nbsp;S\u00e3o sete vagas que contemplam as macrorregi\u00f5es de Curitiba, Londrina e Cascavel.<\/p>\n\n\n\n<figure class=\"wp-block-image size-full\"><img decoding=\"async\" src=\"https:\/\/radiostudiow.com.br\/site\/wp-content\/uploads\/2024\/01\/SITE-GRANDE.png\" alt=\"\" class=\"wp-image-18949\"\/><\/figure>\n\n\n\n<p>O concurso exige forma\u00e7\u00e3o de n\u00edvel m\u00e9dio e posse de carteira nacional de habilita\u00e7\u00e3o categoria B. O sal\u00e1rio inicial \u00e9 fixado em R$ 4.548,97, com aux\u00edlio-alimenta\u00e7\u00e3o de R$ 634,74. Os candidatos aprovados far\u00e3o parte do Quadro Pr\u00f3prio da Pol\u00edcia Penal (QPPP) e trabalhar\u00e3o 40 horas semanais. Os interessados devem consultar o\u00a0<a href=\"https:\/\/arquivos-site.institutoaocp.org.br\/publicacoes\/a9f72820-66f6-4781-88b1-682ee06aacd4.pdf\" target=\"_blank\" rel=\"noreferrer noopener\">Edital n\u00ba 001\/2024<\/a>\u00a0e podem se inscrever no\u00a0<a href=\"https:\/\/www.institutoaocp.org.br\/concursos\/604\" target=\"_blank\" rel=\"noreferrer noopener\">site do Instituto AOCP<\/a>. A taxa \u00e9 de R$ 110,00.<\/p>\n\n\n\n<p>Entre as fun\u00e7\u00f5es do policial penal est\u00e3o\u00a0exercer o poder de pol\u00edcia na apura\u00e7\u00e3o e aplica\u00e7\u00e3o de san\u00e7\u00f5es disciplinares de acordo com a Lei n\u00ba 7.210\/84; coordenar, dirigir e chefiar estabelecimentos penais, atividades t\u00edpicas de gest\u00e3o prisional e setores relacionados ao \u00f3rg\u00e3o respons\u00e1vel pela administra\u00e7\u00e3o do sistema prisional; participar, integrar ou assessorar \u00f3rg\u00e3os, departamentos, conselhos, comiss\u00f5es ou grupos de trabalho relacionados ao sistema penitenci\u00e1rio; classificar as pessoas privadas de liberdade (PPL); transportar, conduzir, guardar e escoltar detentos; e coordenar e realizar as atividades t\u00edpicas de execu\u00e7\u00e3o penal, bem como as afetas \u00e0 cust\u00f3dia de presos provis\u00f3rios, medidas cautelares diversas da pris\u00e3o e tratamento penal, entre outras.<\/p>\n\n\n\n<figure class=\"wp-block-image size-full\"><img decoding=\"async\" src=\"https:\/\/radiostudiow.com.br\/site\/wp-content\/uploads\/2024\/01\/SITE-PEQUENO-1.png\" alt=\"\" class=\"wp-image-19268\"\/><\/figure>\n\n\n\n<p><strong>SELE\u00c7\u00c3O<\/strong>&nbsp;\u2013 O processo seletivo contar\u00e1 com cinco etapas, come\u00e7ando com a prova objetiva, agendada para 19 de maio, com dura\u00e7\u00e3o de at\u00e9 5 horas.<\/p>\n\n\n\n<p>Ser\u00e3o 75 quest\u00f5es de m\u00faltipla escolha, distribu\u00eddas entre 25 quest\u00f5es de conhecimentos gerais (L\u00edngua Portuguesa, Racioc\u00ednio L\u00f3gico matem\u00e1tico e inform\u00e1tica) e 50 de conhecimentos espec\u00edficos (Direito Administrativo, Legisla\u00e7\u00e3o, Direito Constitucional, Direito Penal, Direito Processual Penal, Direito Penitenci\u00e1rio, Criminologia e Direitos Humanos).<\/p>\n\n\n\n<p>As demais etapas incluem teste de avalia\u00e7\u00e3o psicol\u00f3gica, investiga\u00e7\u00e3o social, curso de forma\u00e7\u00e3o e avalia\u00e7\u00e3o m\u00e9dica, todas de car\u00e1ter eliminat\u00f3rio.<\/p>\n\n\n\n<figure class=\"wp-block-image size-large\"><img decoding=\"async\" src=\"https:\/\/radiostudiow.com.br\/site\/wp-content\/uploads\/2024\/02\/capa-1024x387.jpg\" alt=\"\" class=\"wp-image-19551\"\/><\/figure>\n\n\n\n<p><strong>CURSO&nbsp;<\/strong>\u2013 O curso de forma\u00e7\u00e3o ser\u00e1 ministrado nos munic\u00edpios de Curitiba e Londrina, aplicado pela Escola de Forma\u00e7\u00e3o e Aperfei\u00e7oamento Penitenci\u00e1rio (Espen). O prazo de validade do certame \u00e9 de dois anos.<\/p>\n\n\n\n<p>Os candidatos devem ler com aten\u00e7\u00e3o todas as informa\u00e7\u00f5es do&nbsp;Edital n\u00ba 001\/2024&nbsp;e acompanhar as demais publica\u00e7\u00f5es no site oficial do concurso.<\/p>\n\n\n\n<p><em>Reportagem: AEN<\/em><\/p>\n","protected":false},"excerpt":{"rendered":"<p>Permanecem abertas at\u00e9 22 de mar\u00e7o as inscri\u00e7\u00f5es para o concurso p\u00fablico da Pol\u00edcia Penal do Paran\u00e1 (PPPR).&nbsp;S\u00e3o sete vagas que contemplam as macrorregi\u00f5es de Curitiba, Londrina e Cascavel. O concurso exige forma\u00e7\u00e3o de n\u00edvel m\u00e9dio e posse de carteira nacional de habilita\u00e7\u00e3o categoria B. O sal\u00e1rio inicial \u00e9 fixado em R$ 4.548,97, com aux\u00edlio-alimenta\u00e7\u00e3o [&hellip;]<\/p>\n","protected":false},"author":2,"featured_media":20263,"comment_status":"open","ping_status":"open","sticky":false,"template":"","format":"standard","meta":{"footnotes":""},"categories":[2],"tags":[172],"class_list":["post-20262","post","type-post","status-publish","format-standard","has-post-thumbnail","hentry","category-policial","tag-featured"],"amp_enabled":true,"_links":{"self":[{"href":"https:\/\/radiostudiow.com.br\/site\/wp-json\/wp\/v2\/posts\/20262","targetHints":{"allow":["GET"]}}],"collection":[{"href":"https:\/\/radiostudiow.com.br\/site\/wp-json\/wp\/v2\/posts"}],"about":[{"href":"https:\/\/radiostudiow.com.br\/site\/wp-json\/wp\/v2\/types\/post"}],"author":[{"embeddable":true,"href":"https:\/\/radiostudiow.com.br\/site\/wp-json\/wp\/v2\/users\/2"}],"replies":[{"embeddable":true,"href":"https:\/\/radiostudiow.com.br\/site\/wp-json\/wp\/v2\/comments?post=20262"}],"version-history":[{"count":2,"href":"https:\/\/radiostudiow.com.br\/site\/wp-json\/wp\/v2\/posts\/20262\/revisions"}],"predecessor-version":[{"id":20266,"href":"https:\/\/radiostudiow.com.br\/site\/wp-json\/wp\/v2\/posts\/20262\/revisions\/20266"}],"wp:featuredmedia":[{"embeddable":true,"href":"https:\/\/radiostudiow.com.br\/site\/wp-json\/wp\/v2\/media\/20263"}],"wp:attachment":[{"href":"https:\/\/radiostudiow.com.br\/site\/wp-json\/wp\/v2\/media?parent=20262"}],"wp:term":[{"taxonomy":"category","embeddable":true,"href":"https:\/\/radiostudiow.com.br\/site\/wp-json\/wp\/v2\/categories?post=20262"},{"taxonomy":"post_tag","embeddable":true,"href":"https:\/\/radiostudiow.com.br\/site\/wp-json\/wp\/v2\/tags?post=20262"}],"curies":[{"name":"wp","href":"https:\/\/api.w.org\/{rel}","templated":true}]}}