{"id":20267,"date":"2024-03-06T10:00:15","date_gmt":"2024-03-06T13:00:15","guid":{"rendered":"https:\/\/radiostudiow.com.br\/site\/?p=20267"},"modified":"2025-01-31T15:02:09","modified_gmt":"2025-01-31T18:02:09","slug":"policia-civil-de-imbituva-cumpre-mandados-de-prisao-preventiva-por-crimes-de-estupro-de-vulneravel","status":"publish","type":"post","link":"https:\/\/radiostudiow.com.br\/site\/2024\/03\/06\/policia-civil-de-imbituva-cumpre-mandados-de-prisao-preventiva-por-crimes-de-estupro-de-vulneravel\/","title":{"rendered":"Pol\u00edcia Civil de Imbituva cumpre mandados de pris\u00e3o preventiva por crimes de estupro de vulner\u00e1vel"},"content":{"rendered":"\n<p>A Pol\u00edcia Civil do Paran\u00e1, por interm\u00e9dio da Delegacia de Pol\u00edcia Civil de Imbituva, deu cumprimento a dois mandados de pris\u00e3o Os fatos aconteceram na cidade de Guamiranga-PR.<\/p>\n\n\n\n<figure class=\"wp-block-image size-full\"><img decoding=\"async\" src=\"https:\/\/radiostudiow.com.br\/site\/wp-content\/uploads\/2024\/01\/SITE-GRANDE2.png\" alt=\"\" class=\"wp-image-18938\"\/><\/figure>\n\n\n\n<p>A primeira opera\u00e7\u00e3o ocorreu na \u00faltima sexta-feira (01), a pris\u00e3o foi de um homem de 60 anos, ap\u00f3s esse ter descumprido as condi\u00e7\u00f5es impostas pela Justi\u00e7a em investiga\u00e7\u00e3o que apura a pr\u00e1tica de estupro de vulner\u00e1vel.<\/p>\n\n\n\n<p>A outra pris\u00e3o ocorreu na manh\u00e3 de segunda-feira, (04), de um homem de 63 anos, investigado tamb\u00e9m pela pr\u00e1tica do crime de estupro de vulner\u00e1vel.<\/p>\n\n\n\n<figure class=\"wp-block-image size-large\"><img decoding=\"async\" src=\"https:\/\/radiostudiow.com.br\/site\/wp-content\/uploads\/2024\/02\/capa-1024x387.jpg\" alt=\"\" class=\"wp-image-19551\"\/><\/figure>\n\n\n\n<p>Demais informa\u00e7\u00f5es permanecem em sigilo como forma de preservar a intimidade da v\u00edtima e seus familiares.<\/p>\n","protected":false},"excerpt":{"rendered":"<p>A Pol\u00edcia Civil do Paran\u00e1, por interm\u00e9dio da Delegacia de Pol\u00edcia Civil de Imbituva, deu cumprimento a dois mandados de pris\u00e3o Os fatos aconteceram na cidade de Guamiranga-PR. A primeira opera\u00e7\u00e3o ocorreu na \u00faltima sexta-feira (01), a pris\u00e3o foi de um homem de 60 anos, ap\u00f3s esse ter descumprido as condi\u00e7\u00f5es impostas pela Justi\u00e7a em [&hellip;]<\/p>\n","protected":false},"author":2,"featured_media":16931,"comment_status":"open","ping_status":"open","sticky":false,"template":"","format":"standard","meta":{"footnotes":""},"categories":[2],"tags":[172],"class_list":["post-20267","post","type-post","status-publish","format-standard","has-post-thumbnail","hentry","category-policial","tag-featured"],"amp_enabled":true,"_links":{"self":[{"href":"https:\/\/radiostudiow.com.br\/site\/wp-json\/wp\/v2\/posts\/20267","targetHints":{"allow":["GET"]}}],"collection":[{"href":"https:\/\/radiostudiow.com.br\/site\/wp-json\/wp\/v2\/posts"}],"about":[{"href":"https:\/\/radiostudiow.com.br\/site\/wp-json\/wp\/v2\/types\/post"}],"author":[{"embeddable":true,"href":"https:\/\/radiostudiow.com.br\/site\/wp-json\/wp\/v2\/users\/2"}],"replies":[{"embeddable":true,"href":"https:\/\/radiostudiow.com.br\/site\/wp-json\/wp\/v2\/comments?post=20267"}],"version-history":[{"count":3,"href":"https:\/\/radiostudiow.com.br\/site\/wp-json\/wp\/v2\/posts\/20267\/revisions"}],"predecessor-version":[{"id":20287,"href":"https:\/\/radiostudiow.com.br\/site\/wp-json\/wp\/v2\/posts\/20267\/revisions\/20287"}],"wp:featuredmedia":[{"embeddable":true,"href":"https:\/\/radiostudiow.com.br\/site\/wp-json\/wp\/v2\/media\/16931"}],"wp:attachment":[{"href":"https:\/\/radiostudiow.com.br\/site\/wp-json\/wp\/v2\/media?parent=20267"}],"wp:term":[{"taxonomy":"category","embeddable":true,"href":"https:\/\/radiostudiow.com.br\/site\/wp-json\/wp\/v2\/categories?post=20267"},{"taxonomy":"post_tag","embeddable":true,"href":"https:\/\/radiostudiow.com.br\/site\/wp-json\/wp\/v2\/tags?post=20267"}],"curies":[{"name":"wp","href":"https:\/\/api.w.org\/{rel}","templated":true}]}}