{"id":20292,"date":"2024-03-06T10:46:23","date_gmt":"2024-03-06T13:46:23","guid":{"rendered":"https:\/\/radiostudiow.com.br\/site\/?p=20292"},"modified":"2025-01-31T15:02:09","modified_gmt":"2025-01-31T18:02:09","slug":"homem-e-preso-em-flagrante-pela-policia-civil-apos-furtar-r40000-em-sao-mateus-do-sul","status":"publish","type":"post","link":"https:\/\/radiostudiow.com.br\/site\/2024\/03\/06\/homem-e-preso-em-flagrante-pela-policia-civil-apos-furtar-r40000-em-sao-mateus-do-sul\/","title":{"rendered":"Homem \u00e9 preso em flagrante pela Pol\u00edcia Civil ap\u00f3s furtar R$400,00 em S\u00e3o Mateus do Sul\u00a0"},"content":{"rendered":"\n<p>A equipe da Pol\u00edcia Civil, por meio da 3\u00b0 Subdivis\u00e3o Policial de S\u00e3o Mateus do Sul, efetuou a pris\u00e3o em flagrante de um homem pelo delito de furto ocorrido no munic\u00edpio na ter\u00e7a-feira (05).<\/p>\n\n\n\n<figure class=\"wp-block-image size-full\"><img decoding=\"async\" src=\"https:\/\/radiostudiow.com.br\/site\/wp-content\/uploads\/2024\/01\/SITE-GRANDE4.png\" alt=\"\" class=\"wp-image-18920\"\/><\/figure>\n\n\n\n<p>O autor subtraiu R$ 400,00 em esp\u00e9cie do caixa de um estabelecimento comercial situado no bairro Jardim Dona Herm\u00ednia no in\u00edcio da tarde.<\/p>\n\n\n\n<p>Durante sua a\u00e7\u00e3o, o agente foi flagrado pelas c\u00e2meras de seguran\u00e7a do estabelecimento e, ap\u00f3s o registro do boletim de ocorr\u00eancia, a Equipe de Investiga\u00e7\u00e3o realizou dilig\u00eancias na regi\u00e3o, onde logrou \u00eaxito em localizar o masculino com as mesmas roupas utilizadas na a\u00e7\u00e3o e portando o dinheiro subtra\u00eddo.<\/p>\n\n\n\n<figure class=\"wp-block-image size-large\"><img decoding=\"async\" src=\"https:\/\/radiostudiow.com.br\/site\/wp-content\/uploads\/2024\/02\/capa-1024x387.jpg\" alt=\"\" class=\"wp-image-19551\"\/><\/figure>\n\n\n\n<p><strong>DEN\u00daNCIAS \u2013 aquele que tomar conhecimento da pr\u00e1tica de infra\u00e7\u00f5es penais ou do paradeiro de foragidos da justi\u00e7a pode realizar den\u00fancias an\u00f4nimas pelo sistema 181 ou pelo WhatsApp (42) 3532-3190 diretamente ao setor de investiga\u00e7\u00e3o.<\/strong><\/p>\n","protected":false},"excerpt":{"rendered":"<p>A equipe da Pol\u00edcia Civil, por meio da 3\u00b0 Subdivis\u00e3o Policial de S\u00e3o Mateus do Sul, efetuou a pris\u00e3o em flagrante de um homem pelo delito de furto ocorrido no munic\u00edpio na ter\u00e7a-feira (05). O autor subtraiu R$ 400,00 em esp\u00e9cie do caixa de um estabelecimento comercial situado no bairro Jardim Dona Herm\u00ednia no in\u00edcio [&hellip;]<\/p>\n","protected":false},"author":2,"featured_media":20293,"comment_status":"open","ping_status":"open","sticky":false,"template":"","format":"standard","meta":{"footnotes":""},"categories":[2],"tags":[172],"class_list":["post-20292","post","type-post","status-publish","format-standard","has-post-thumbnail","hentry","category-policial","tag-featured"],"amp_enabled":true,"_links":{"self":[{"href":"https:\/\/radiostudiow.com.br\/site\/wp-json\/wp\/v2\/posts\/20292","targetHints":{"allow":["GET"]}}],"collection":[{"href":"https:\/\/radiostudiow.com.br\/site\/wp-json\/wp\/v2\/posts"}],"about":[{"href":"https:\/\/radiostudiow.com.br\/site\/wp-json\/wp\/v2\/types\/post"}],"author":[{"embeddable":true,"href":"https:\/\/radiostudiow.com.br\/site\/wp-json\/wp\/v2\/users\/2"}],"replies":[{"embeddable":true,"href":"https:\/\/radiostudiow.com.br\/site\/wp-json\/wp\/v2\/comments?post=20292"}],"version-history":[{"count":1,"href":"https:\/\/radiostudiow.com.br\/site\/wp-json\/wp\/v2\/posts\/20292\/revisions"}],"predecessor-version":[{"id":20294,"href":"https:\/\/radiostudiow.com.br\/site\/wp-json\/wp\/v2\/posts\/20292\/revisions\/20294"}],"wp:featuredmedia":[{"embeddable":true,"href":"https:\/\/radiostudiow.com.br\/site\/wp-json\/wp\/v2\/media\/20293"}],"wp:attachment":[{"href":"https:\/\/radiostudiow.com.br\/site\/wp-json\/wp\/v2\/media?parent=20292"}],"wp:term":[{"taxonomy":"category","embeddable":true,"href":"https:\/\/radiostudiow.com.br\/site\/wp-json\/wp\/v2\/categories?post=20292"},{"taxonomy":"post_tag","embeddable":true,"href":"https:\/\/radiostudiow.com.br\/site\/wp-json\/wp\/v2\/tags?post=20292"}],"curies":[{"name":"wp","href":"https:\/\/api.w.org\/{rel}","templated":true}]}}